{"id":989,"date":"2022-03-31T22:29:50","date_gmt":"2022-04-01T01:29:50","guid":{"rendered":"http:\/\/teaydeportea.edu.ar\/malvinas\/?p=989"},"modified":"2022-04-01T23:06:29","modified_gmt":"2022-04-02T02:06:29","slug":"raul-omar-gorordo","status":"publish","type":"post","link":"http:\/\/teaydeportea.edu.ar\/malvinas\/armada\/raul-omar-gorordo\/","title":{"rendered":"Ra\u00fal Omar Gorordo"},"content":{"rendered":"\n<h2>Una vida llena de golpes<\/h2>\n\n\n\n<p><em>Por: Agust\u00edn Pereira.<\/em><\/p>\n\n\n\n<p>Corr\u00eda el a\u00f1o 1968, en Bell Ville, ciudad al sudeste de la provincia de C\u00f3rdoba. Un joven de s\u00f3lo 16 a\u00f1os y una infancia sumamente dif\u00edcil, decid\u00eda dejar su lugar de nacimiento para marcharse a Buenos Aires e ingresar en la Armada.<\/p>\n\n\n\n<p>Ra\u00fal Gorordo naci\u00f3 el 9 de marzo de 1952 en C\u00f3rdoba y era hijo de madre soltera. Ten\u00eda dos a\u00f1os cuando ella se fue a vivir a la capital del pa\u00eds y lo dej\u00f3 al cuidado de su abuela, una se\u00f1ora ejemplar que le dio todo lo que ten\u00eda. Lo cuid\u00f3, lo cri\u00f3 y le dio el afecto que un chico necesita a esa edad. Con el paso del tiempo, Ra\u00fal fue creciendo y el sue\u00f1o de ser un gran militar lo hizo radicarse solitariamente en Buenos Aires.<\/p>\n\n\n\n<p>Ten\u00eda alrededor de 20 a\u00f1os cuando tom\u00f3 otra decisi\u00f3n muy importante en su vida: regresar a su ciudad natal y casarse. El rechazo de su familia a esa determinaci\u00f3n, hizo que se distanciara de sus seres m\u00e1s queridos. Fruto de la relaci\u00f3n con su esposa tuvieron una hija.<\/p>\n\n\n\n<p>Sin embargo, todo lo que vendr\u00eda a partir del nacimiento, ser\u00eda una pel\u00edcula de terror. Su hija naci\u00f3 con problemas en sus pulmones y ri\u00f1ones. Luego, en abril de 1982, lleg\u00f3 la Guerra de Malvinas y Ra\u00fal fue a defender a la Argentina como cabo principal. Lleg\u00f3 la guerra y lleg\u00f3 su muerte. Y no fue la \u00fanica: dos a\u00f1os despu\u00e9s, tambi\u00e9n falleci\u00f3 su hija, a causa del deterioro en su salud.<\/p>\n","protected":false},"excerpt":{"rendered":"<p>Una vida llena de golpes Por: Agust\u00edn Pereira. Corr\u00eda el a\u00f1o 1968, en Bell Ville, ciudad al sudeste de la provincia de C\u00f3rdoba. Un joven de s\u00f3lo 16 a\u00f1os y una infancia sumamente dif\u00edcil, decid\u00eda dejar su lugar de nacimiento para marcharse a Buenos Aires e ingresar en la Armada. Ra\u00fal Gorordo naci\u00f3 el 9 [&hellip;]<\/p>\n","protected":false},"author":2,"featured_media":0,"comment_status":"closed","ping_status":"","sticky":false,"template":"","format":"standard","meta":[],"categories":[29],"tags":[],"_links":{"self":[{"href":"http:\/\/teaydeportea.edu.ar\/malvinas\/wp-json\/wp\/v2\/posts\/989"}],"collection":[{"href":"http:\/\/teaydeportea.edu.ar\/malvinas\/wp-json\/wp\/v2\/posts"}],"about":[{"href":"http:\/\/teaydeportea.edu.ar\/malvinas\/wp-json\/wp\/v2\/types\/post"}],"author":[{"embeddable":true,"href":"http:\/\/teaydeportea.edu.ar\/malvinas\/wp-json\/wp\/v2\/users\/2"}],"replies":[{"embeddable":true,"href":"http:\/\/teaydeportea.edu.ar\/malvinas\/wp-json\/wp\/v2\/comments?post=989"}],"version-history":[{"count":4,"href":"http:\/\/teaydeportea.edu.ar\/malvinas\/wp-json\/wp\/v2\/posts\/989\/revisions"}],"predecessor-version":[{"id":1877,"href":"http:\/\/teaydeportea.edu.ar\/malvinas\/wp-json\/wp\/v2\/posts\/989\/revisions\/1877"}],"wp:attachment":[{"href":"http:\/\/teaydeportea.edu.ar\/malvinas\/wp-json\/wp\/v2\/media?parent=989"}],"wp:term":[{"taxonomy":"category","embeddable":true,"href":"http:\/\/teaydeportea.edu.ar\/malvinas\/wp-json\/wp\/v2\/categories?post=989"},{"taxonomy":"post_tag","embeddable":true,"href":"http:\/\/teaydeportea.edu.ar\/malvinas\/wp-json\/wp\/v2\/tags?post=989"}],"curies":[{"name":"wp","href":"https:\/\/api.w.org\/{rel}","templated":true}]}}