{"id":961,"date":"2022-03-31T22:29:29","date_gmt":"2022-04-01T01:29:29","guid":{"rendered":"http:\/\/teaydeportea.edu.ar\/malvinas\/?p=961"},"modified":"2022-04-01T23:03:23","modified_gmt":"2022-04-02T02:03:23","slug":"edgardo-jose-gomez","status":"publish","type":"post","link":"http:\/\/teaydeportea.edu.ar\/malvinas\/armada\/edgardo-jose-gomez\/","title":{"rendered":"Edgardo Jos\u00e9 G\u00f3mez"},"content":{"rendered":"\n<h2>Risa pura<\/h2>\n\n\n\n<p><em>Por: Tom\u00e1s Miguel Gulminelli.<\/em><\/p>\n\n\n\n<p>Un amigo entra\u00f1able. No s\u00f3lo un gran amigo, sino tambi\u00e9n una gran persona. As\u00ed lo describen sus familiares y compa\u00f1eros a Jos\u00e9 Edgardo G\u00f3mez, cabo segundo de la Armada. Cabo Primero post mortem, ca\u00eddo en la guerra de Malvinas.<\/p>\n\n\n\n<p>Ten\u00eda 19 a\u00f1os cuando fue obligado a ir a las Islas para defender a su patria. &#8220;Yorti&#8221;, como lo apodaban, falleci\u00f3 el 2 de mayo de 1982 en el ARA General Belgrano, luego de que dos torpedos brit\u00e1nicos impactaran contra el crucero argentino.<\/p>\n\n\n\n<p>&#8220;Yorti&#8221; naci\u00f3 el 30 de mayo de 1963 en la ciudad de Santo Tom\u00e9, provincia de Santa Fe. Por poquitos d\u00edas le negaron la posibilidad de cumplir los 20. Seg\u00fan la madre de unos de sus excompa\u00f1eros, le gustaba compartir mates, charlas y momentos agradables con sus amigos, los chicos del norte. \u201cEra pura risa, re\u00eda por todo y siempre era muy ocurrente\u201d. No lo dejaron seguir siendo.<\/p>\n","protected":false},"excerpt":{"rendered":"<p>Risa pura Por: Tom\u00e1s Miguel Gulminelli. Un amigo entra\u00f1able. No s\u00f3lo un gran amigo, sino tambi\u00e9n una gran persona. As\u00ed lo describen sus familiares y compa\u00f1eros a Jos\u00e9 Edgardo G\u00f3mez, cabo segundo de la Armada. Cabo Primero post mortem, ca\u00eddo en la guerra de Malvinas. Ten\u00eda 19 a\u00f1os cuando fue obligado a ir a las [&hellip;]<\/p>\n","protected":false},"author":2,"featured_media":0,"comment_status":"closed","ping_status":"","sticky":false,"template":"","format":"standard","meta":[],"categories":[29],"tags":[],"_links":{"self":[{"href":"http:\/\/teaydeportea.edu.ar\/malvinas\/wp-json\/wp\/v2\/posts\/961"}],"collection":[{"href":"http:\/\/teaydeportea.edu.ar\/malvinas\/wp-json\/wp\/v2\/posts"}],"about":[{"href":"http:\/\/teaydeportea.edu.ar\/malvinas\/wp-json\/wp\/v2\/types\/post"}],"author":[{"embeddable":true,"href":"http:\/\/teaydeportea.edu.ar\/malvinas\/wp-json\/wp\/v2\/users\/2"}],"replies":[{"embeddable":true,"href":"http:\/\/teaydeportea.edu.ar\/malvinas\/wp-json\/wp\/v2\/comments?post=961"}],"version-history":[{"count":3,"href":"http:\/\/teaydeportea.edu.ar\/malvinas\/wp-json\/wp\/v2\/posts\/961\/revisions"}],"predecessor-version":[{"id":1872,"href":"http:\/\/teaydeportea.edu.ar\/malvinas\/wp-json\/wp\/v2\/posts\/961\/revisions\/1872"}],"wp:attachment":[{"href":"http:\/\/teaydeportea.edu.ar\/malvinas\/wp-json\/wp\/v2\/media?parent=961"}],"wp:term":[{"taxonomy":"category","embeddable":true,"href":"http:\/\/teaydeportea.edu.ar\/malvinas\/wp-json\/wp\/v2\/categories?post=961"},{"taxonomy":"post_tag","embeddable":true,"href":"http:\/\/teaydeportea.edu.ar\/malvinas\/wp-json\/wp\/v2\/tags?post=961"}],"curies":[{"name":"wp","href":"https:\/\/api.w.org\/{rel}","templated":true}]}}