{"id":95,"date":"2022-03-30T19:38:12","date_gmt":"2022-03-30T22:38:12","guid":{"rendered":"http:\/\/teaydeportea.edu.ar\/malvinas\/?p=95"},"modified":"2022-09-30T19:39:18","modified_gmt":"2022-09-30T22:39:18","slug":"juan-carlos-cordoba","status":"publish","type":"post","link":"http:\/\/teaydeportea.edu.ar\/malvinas\/armada\/juan-carlos-cordoba\/","title":{"rendered":"Juan Carlos C\u00f3rdoba"},"content":{"rendered":"\n<h2><strong>H\u00c9ROE DEL PRIMER AL \u00daLTIMO D\u00cdA<\/strong><\/h2>\n\n\n\n<p><em>Por: Gonzalo Sangrador.<\/em><\/p>\n\n\n\n<p>El 2 de mayo termin\u00f3 el recorrido del Ara General Belgrano. Fueron suficientes dos disparos del submarino brit\u00e1nico HMS Conqueror para aniquilar el sue\u00f1o de los tripulantes y h\u00e9roes argentinos en la Guerra de las Islas Malvinas. Uno de ellos era Juan Carlos C\u00f3rdoba, suboficial segundo. Junto a \u00e9l tambi\u00e9n falleci\u00f3 su amigo de la infancia y padrino de Marta, su hija menor. El tiempo hace lo suyo, y para los cuatro hijos que se quedaron sin una parte de su vida, la herramienta m\u00e1s genuina que encuentran para acercarse a los momentos m\u00e1s felices son los recuerdos, las an\u00e9cdotas y las fotos, que no hay muchas, pero se cuidan como un tesoro.<\/p>\n\n\n\n<p>La ciudad de Roque S\u00e1enz Pe\u00f1a, Chaco, lo vio crecer. Juan Carlos s\u00f3lo sab\u00eda lo que era el amor por la bandera y la lealtad a la patria. Su educaci\u00f3n y valores los absorbi\u00f3 desde ni\u00f1o, ya que ingres\u00f3 en la pubertad al Colegio Militar de su provincia. Sus principios eran claros, y el amor por el pa\u00eds a\u00fan m\u00e1s. Melina, la hija menor de Juan Carlos, lo piensa todos los d\u00edas con una sonrisa y un poco de enojo por no haber podido disfrutarlo m\u00e1s. Mientras que Juan, su hermano, decidi\u00f3 seguir los pasos de su mentor. Se alist\u00f3 al Ej\u00e9rcito y hasta el d\u00eda de hoy sigue ah\u00ed, honrando su apellido en nombre de \u00e9l y su familia, de la forma que Juan Carlos C\u00f3rdoba lo hubiese deseado: servir a la bandera.<\/p>\n\n\n\n<p>Sus amigos, vecinos y todo un pueblo alza la frente, fija la mirada y redobla su pecho cuando escuchan pronunciar el nombre Juan Carlos C\u00f3rdoba; amigo de sus amigos y solidario por naturaleza. Su familia lo recuerda con amor, orgullo, bronca y l\u00e1grimas. Menos sus padres, que murieron de tristeza al poco tiempo de enterarse que su hijo, su \u00fanico hijo, dej\u00f3 la vida por la patria, por su pa\u00eds, por todos nosotros.<\/p>\n","protected":false},"excerpt":{"rendered":"<p>H\u00c9ROE DEL PRIMER AL \u00daLTIMO D\u00cdA Por: Gonzalo Sangrador. El 2 de mayo termin\u00f3 el recorrido del Ara General Belgrano. Fueron suficientes dos disparos del submarino brit\u00e1nico HMS Conqueror para aniquilar el sue\u00f1o de los tripulantes y h\u00e9roes argentinos en la Guerra de las Islas Malvinas. Uno de ellos era Juan Carlos C\u00f3rdoba, suboficial segundo. [&hellip;]<\/p>\n","protected":false},"author":2,"featured_media":0,"comment_status":"closed","ping_status":"open","sticky":false,"template":"","format":"standard","meta":[],"categories":[29],"tags":[],"_links":{"self":[{"href":"http:\/\/teaydeportea.edu.ar\/malvinas\/wp-json\/wp\/v2\/posts\/95"}],"collection":[{"href":"http:\/\/teaydeportea.edu.ar\/malvinas\/wp-json\/wp\/v2\/posts"}],"about":[{"href":"http:\/\/teaydeportea.edu.ar\/malvinas\/wp-json\/wp\/v2\/types\/post"}],"author":[{"embeddable":true,"href":"http:\/\/teaydeportea.edu.ar\/malvinas\/wp-json\/wp\/v2\/users\/2"}],"replies":[{"embeddable":true,"href":"http:\/\/teaydeportea.edu.ar\/malvinas\/wp-json\/wp\/v2\/comments?post=95"}],"version-history":[{"count":5,"href":"http:\/\/teaydeportea.edu.ar\/malvinas\/wp-json\/wp\/v2\/posts\/95\/revisions"}],"predecessor-version":[{"id":1994,"href":"http:\/\/teaydeportea.edu.ar\/malvinas\/wp-json\/wp\/v2\/posts\/95\/revisions\/1994"}],"wp:attachment":[{"href":"http:\/\/teaydeportea.edu.ar\/malvinas\/wp-json\/wp\/v2\/media?parent=95"}],"wp:term":[{"taxonomy":"category","embeddable":true,"href":"http:\/\/teaydeportea.edu.ar\/malvinas\/wp-json\/wp\/v2\/categories?post=95"},{"taxonomy":"post_tag","embeddable":true,"href":"http:\/\/teaydeportea.edu.ar\/malvinas\/wp-json\/wp\/v2\/tags?post=95"}],"curies":[{"name":"wp","href":"https:\/\/api.w.org\/{rel}","templated":true}]}}