{"id":85,"date":"2022-03-30T19:36:42","date_gmt":"2022-03-30T22:36:42","guid":{"rendered":"http:\/\/teaydeportea.edu.ar\/malvinas\/?p=85"},"modified":"2022-09-30T19:31:30","modified_gmt":"2022-09-30T22:31:30","slug":"hector-abel-cerles","status":"publish","type":"post","link":"http:\/\/teaydeportea.edu.ar\/malvinas\/armada\/hector-abel-cerles\/","title":{"rendered":"H\u00e9ctor Abel Cerles"},"content":{"rendered":"\n<h2><strong>HER\u00d3ICO HASTA EL \u00daLTIMO MINUTO<\/strong><\/h2>\n\n\n\n<p><em>Por: Valentina Bacigalupo.<\/em><\/p>\n\n\n\n<p>H\u00e9ctor Abel Cerles siempre llam\u00f3 la atenci\u00f3n de sus compa\u00f1eros. Desde el primario. No solo por ser el m\u00e1s alto del aula sino por su solidaridad. Una esencia que mantuvo de peque\u00f1o. \u201cLe dec\u00edamos \u2018El colorado rebelde\u2019, pero aquella rebeld\u00eda la usaba siempre para ayudar\u201d, dice con la voz entrecortada Roberto Borges, un compa\u00f1ero de la Escuela Primaria N\u00b0 141, quien 25 a\u00f1os despu\u00e9s de la \u00faltima vez que lo vio, encontr\u00f3 una foto en el Centro de Veteranos de Guerra de Malvinas de La Matanza. Se enter\u00f3 ese d\u00eda que H\u00e9ctor y dos compa\u00f1eros m\u00e1s tambi\u00e9n hab\u00edan estado en la guerra. De cuatro, regresaron tres. De esos tres, uno es Roberto.<\/p>\n\n\n\n<p>El 14 de junio de 1982 a las siete de la ma\u00f1ana, en el Monte Tumbledown, los soldados se rindieron por orden de su jefe, el teniente de corbeta Carlos V\u00e1zquez, ya que hab\u00edan consumido totalmente sus municiones y se encontraban imposibilitados de controlar el combate. Sin armas para dar batalla, H\u00e9ctor Abel Cerles fue baleado por un ingl\u00e9s luego de intentar detener el asesinato de su compa\u00f1ero Jos\u00e9 Luis Galarza a quien le clavaron una bayoneta en el cuello. Como dijo su amigo, siempre protegiendo a sus pares.<\/p>\n\n\n\n<p>Actualmente la escuela primaria en donde transit\u00f3 su ni\u00f1ez posee una placa en honor a Abel. Esta fue colocada por su hermano y Roberto Borges, para que La Matanza y todo el pueblo argentino lo recuerde como aquel soldado que dej\u00f3 la vida por su pa\u00eds.<\/p>\n","protected":false},"excerpt":{"rendered":"<p>HER\u00d3ICO HASTA EL \u00daLTIMO MINUTO Por: Valentina Bacigalupo. H\u00e9ctor Abel Cerles siempre llam\u00f3 la atenci\u00f3n de sus compa\u00f1eros. Desde el primario. No solo por ser el m\u00e1s alto del aula sino por su solidaridad. Una esencia que mantuvo de peque\u00f1o. \u201cLe dec\u00edamos \u2018El colorado rebelde\u2019, pero aquella rebeld\u00eda la usaba siempre para ayudar\u201d, dice con [&hellip;]<\/p>\n","protected":false},"author":2,"featured_media":0,"comment_status":"closed","ping_status":"open","sticky":false,"template":"","format":"standard","meta":[],"categories":[29],"tags":[],"_links":{"self":[{"href":"http:\/\/teaydeportea.edu.ar\/malvinas\/wp-json\/wp\/v2\/posts\/85"}],"collection":[{"href":"http:\/\/teaydeportea.edu.ar\/malvinas\/wp-json\/wp\/v2\/posts"}],"about":[{"href":"http:\/\/teaydeportea.edu.ar\/malvinas\/wp-json\/wp\/v2\/types\/post"}],"author":[{"embeddable":true,"href":"http:\/\/teaydeportea.edu.ar\/malvinas\/wp-json\/wp\/v2\/users\/2"}],"replies":[{"embeddable":true,"href":"http:\/\/teaydeportea.edu.ar\/malvinas\/wp-json\/wp\/v2\/comments?post=85"}],"version-history":[{"count":4,"href":"http:\/\/teaydeportea.edu.ar\/malvinas\/wp-json\/wp\/v2\/posts\/85\/revisions"}],"predecessor-version":[{"id":1989,"href":"http:\/\/teaydeportea.edu.ar\/malvinas\/wp-json\/wp\/v2\/posts\/85\/revisions\/1989"}],"wp:attachment":[{"href":"http:\/\/teaydeportea.edu.ar\/malvinas\/wp-json\/wp\/v2\/media?parent=85"}],"wp:term":[{"taxonomy":"category","embeddable":true,"href":"http:\/\/teaydeportea.edu.ar\/malvinas\/wp-json\/wp\/v2\/categories?post=85"},{"taxonomy":"post_tag","embeddable":true,"href":"http:\/\/teaydeportea.edu.ar\/malvinas\/wp-json\/wp\/v2\/tags?post=85"}],"curies":[{"name":"wp","href":"https:\/\/api.w.org\/{rel}","templated":true}]}}