{"id":841,"date":"2022-03-31T22:28:14","date_gmt":"2022-04-01T01:28:14","guid":{"rendered":"http:\/\/teaydeportea.edu.ar\/malvinas\/?p=841"},"modified":"2022-09-30T19:19:44","modified_gmt":"2022-09-30T22:19:44","slug":"hector-anibal-casali","status":"publish","type":"post","link":"http:\/\/teaydeportea.edu.ar\/malvinas\/armada\/hector-anibal-casali\/","title":{"rendered":"H\u00e9ctor Anibal Casali"},"content":{"rendered":"\n<h2><strong>EL &#8220;COJINlLLO&#8221; DEL ARA GENERAL BELGRANO<\/strong><\/h2>\n\n\n\n<p><em>Por: Lucas Marchetta<\/em><\/p>\n\n\n\n<p>Un 25 de febrero de 1962 naci\u00f3 H\u00e9ctor An\u00edbal \u2018\u2018Cojinillo\u2019\u2019 Casali, en el Hospital de Las Toscas, Santa Fe. Sus padres biol\u00f3gicos fueron Amelia \u2018\u2018Coca\u2019\u2019 Ram\u00edrez y Ad\u00e1n Gevala, quien no estuvo presente en su infancia. Amelia decidi\u00f3 probar suerte en Buenos Aires y dej\u00f3 a su hijo en la casa de su t\u00eda Mar\u00eda Ang\u00e9lica Ram\u00edrez de Barr\u00eda, que trabajaba en la zafra de Federico Casali, donde comenz\u00f3 su contacto con esa familia.<\/p>\n\n\n\n<p>Luego de 2 a\u00f1os y medio, Clelia Rost\u00e1n, mujer de Federico Casali, le pidi\u00f3 a la empleada si pod\u00eda cuidarlo y hacerse cargo del ni\u00f1o rubio de 3 a\u00f1os. Desde que su madre biol\u00f3gica acept\u00f3 y entreg\u00f3 a su hijo de una manera dolorosa, el peque\u00f1o se convirti\u00f3 en un nuevo integrante de la familia. A los 8 se agreg\u00f3 el apellido Casali a su nombre y lo reconocieron como hijo extramatrimonial. \u2018\u2018Cojinillo\u2019\u2019 se encontr\u00f3 con cuatro hermanos: Jorge, Aroldo, Belkis y Milka. Jorge Casali aport\u00f3 su conocimiento sobre H\u00e9ctor para este texto.<\/p>\n\n\n\n<p>Su apodo surgi\u00f3 del parecido de su pelo con el cojinillo (manta de lana que se utiliza en monturas). Siempre le gust\u00f3 salir a bailar y trabajar con los animales. Era un muchacho muy conocido en Las Toscas, med\u00eda 1,75 m, de una personalidad \u2018\u2018entradora\u2019\u2019 y ten\u00eda su moto con la que hac\u00eda traves\u00edas por el pueblo. Antes de ser sorteado y llamado a la colimba, a los 17 a\u00f1os tuvo un hijo que no pudo conocer con Lidia Ester Gonz\u00e1lez: Alberto Gonz\u00e1lez se crio lejos de la familia Casali y hoy tiene tres hijos. Cuando el 2 de mayo de 1982 dieron la orden de abandonar el ARA General Belgrano, todos se dividieron en balsas salvavidas. El barco se balance\u00f3, se desprendi\u00f3 el ancla con todo el soporte y la cadena, que cay\u00f3 encima de la balsa en la que intentaba escapar junto a varios compa\u00f1eros. H\u00e9ctor An\u00edbal Casali muri\u00f3 con el impacto.<\/p>\n","protected":false},"excerpt":{"rendered":"<p>EL &#8220;COJINlLLO&#8221; DEL ARA GENERAL BELGRANO Por: Lucas Marchetta Un 25 de febrero de 1962 naci\u00f3 H\u00e9ctor An\u00edbal \u2018\u2018Cojinillo\u2019\u2019 Casali, en el Hospital de Las Toscas, Santa Fe. Sus padres biol\u00f3gicos fueron Amelia \u2018\u2018Coca\u2019\u2019 Ram\u00edrez y Ad\u00e1n Gevala, quien no estuvo presente en su infancia. Amelia decidi\u00f3 probar suerte en Buenos Aires y dej\u00f3 a [&hellip;]<\/p>\n","protected":false},"author":2,"featured_media":0,"comment_status":"closed","ping_status":"","sticky":false,"template":"","format":"standard","meta":[],"categories":[29],"tags":[],"_links":{"self":[{"href":"http:\/\/teaydeportea.edu.ar\/malvinas\/wp-json\/wp\/v2\/posts\/841"}],"collection":[{"href":"http:\/\/teaydeportea.edu.ar\/malvinas\/wp-json\/wp\/v2\/posts"}],"about":[{"href":"http:\/\/teaydeportea.edu.ar\/malvinas\/wp-json\/wp\/v2\/types\/post"}],"author":[{"embeddable":true,"href":"http:\/\/teaydeportea.edu.ar\/malvinas\/wp-json\/wp\/v2\/users\/2"}],"replies":[{"embeddable":true,"href":"http:\/\/teaydeportea.edu.ar\/malvinas\/wp-json\/wp\/v2\/comments?post=841"}],"version-history":[{"count":3,"href":"http:\/\/teaydeportea.edu.ar\/malvinas\/wp-json\/wp\/v2\/posts\/841\/revisions"}],"predecessor-version":[{"id":1980,"href":"http:\/\/teaydeportea.edu.ar\/malvinas\/wp-json\/wp\/v2\/posts\/841\/revisions\/1980"}],"wp:attachment":[{"href":"http:\/\/teaydeportea.edu.ar\/malvinas\/wp-json\/wp\/v2\/media?parent=841"}],"wp:term":[{"taxonomy":"category","embeddable":true,"href":"http:\/\/teaydeportea.edu.ar\/malvinas\/wp-json\/wp\/v2\/categories?post=841"},{"taxonomy":"post_tag","embeddable":true,"href":"http:\/\/teaydeportea.edu.ar\/malvinas\/wp-json\/wp\/v2\/tags?post=841"}],"curies":[{"name":"wp","href":"https:\/\/api.w.org\/{rel}","templated":true}]}}