{"id":828,"date":"2022-03-31T22:27:26","date_gmt":"2022-04-01T01:27:26","guid":{"rendered":"http:\/\/teaydeportea.edu.ar\/malvinas\/?p=828"},"modified":"2022-09-30T18:48:02","modified_gmt":"2022-09-30T21:48:02","slug":"roberto-marcelino-caballero","status":"publish","type":"post","link":"http:\/\/teaydeportea.edu.ar\/malvinas\/armada\/roberto-marcelino-caballero\/","title":{"rendered":"Roberto Marcelino Caballero"},"content":{"rendered":"\n<h2><strong>DE ROMANG A LA HISTORIA<\/strong><\/h2>\n\n\n\n<p><em>Por: Ernesto De Quadros<\/em><\/p>\n\n\n\n<p>Un d\u00eda despu\u00e9s del inicio del Mundial de F\u00fatbol de 1958, en la ciudad bonaerense de Luj\u00e1n (Buenos Aires) naci\u00f3 Roberto Marcelino Caballero. A los seis meses de vida se lo llevaron sus t\u00edos a Romang, al norte de Santa Fe, ya que los padres carec\u00edan de ingresos suficientes para sustentar a&nbsp; otros seis hijos. Ese fue el primer gran viaje que realiz\u00f3 cuando comenz\u00f3 con lo que luego se transformar\u00eda en miedo a los micros y a los aviones.<\/p>\n\n\n\n<p>Al toque se meti\u00f3 en la vida y en los corazones de todos. Sus maestras lo recuerdan por ser un chico que no se acobardaba ante las situaciones de posibles peleas, un poco quilombero, contest\u00f3n, pero muy respetuoso por los valores y las formas. Empez\u00f3 a competir en la escuelita de f\u00fatbol en el Matienzo F\u00fatbol Club. Se desempe\u00f1aba de delantero, era 7, diestro y encaraba para adentro. \u201cMuy firuletero, le gustaba mucho Ren\u00e9 Houseman. Era flaquito, entonces lo cagaban a patadas, pero sonre\u00eda y le tiraba un ca\u00f1o de nuevo\u201d, dice entre l\u00e1grimas Juan Jos\u00e9 del Zoppo, arquero del equipo campe\u00f3n de la categor\u00eda 58 de Romang FC.<\/p>\n\n\n\n<p>En su adolescencia, se dejar\u00eda el pelo largo e ir\u00eda a ver a sus bandas favoritas. Entre cervezas que llegaban pasadas al &#8220;Almac\u00e9n de Tito&#8221;, le dijo un par de veces a sus amigos que quer\u00eda hacer una banda de rock, aunque nunca lleg\u00f3 a realizarla. A sus 20 a\u00f1os, un ex-profesor le comunic\u00f3 que hab\u00eda sido designado para batallar en Malvinas. Con un \u00e1lbum de figuritas, un mazo de naipes, una almohada, muchas contradicciones desde la pol\u00edtica, y sin haberse subido a un barco antes, Roberto Marcelino Caballero partir\u00eda hacia el buque ARA Manuel Belgrano sin saber que esa iba a ser la \u00faltima vez que ver\u00eda a sus seres queridos.<\/p>\n","protected":false},"excerpt":{"rendered":"<p>DE ROMANG A LA HISTORIA Por: Ernesto De Quadros Un d\u00eda despu\u00e9s del inicio del Mundial de F\u00fatbol de 1958, en la ciudad bonaerense de Luj\u00e1n (Buenos Aires) naci\u00f3 Roberto Marcelino Caballero. A los seis meses de vida se lo llevaron sus t\u00edos a Romang, al norte de Santa Fe, ya que los padres carec\u00edan [&hellip;]<\/p>\n","protected":false},"author":2,"featured_media":0,"comment_status":"closed","ping_status":"","sticky":false,"template":"","format":"standard","meta":[],"categories":[29],"tags":[],"_links":{"self":[{"href":"http:\/\/teaydeportea.edu.ar\/malvinas\/wp-json\/wp\/v2\/posts\/828"}],"collection":[{"href":"http:\/\/teaydeportea.edu.ar\/malvinas\/wp-json\/wp\/v2\/posts"}],"about":[{"href":"http:\/\/teaydeportea.edu.ar\/malvinas\/wp-json\/wp\/v2\/types\/post"}],"author":[{"embeddable":true,"href":"http:\/\/teaydeportea.edu.ar\/malvinas\/wp-json\/wp\/v2\/users\/2"}],"replies":[{"embeddable":true,"href":"http:\/\/teaydeportea.edu.ar\/malvinas\/wp-json\/wp\/v2\/comments?post=828"}],"version-history":[{"count":3,"href":"http:\/\/teaydeportea.edu.ar\/malvinas\/wp-json\/wp\/v2\/posts\/828\/revisions"}],"predecessor-version":[{"id":1967,"href":"http:\/\/teaydeportea.edu.ar\/malvinas\/wp-json\/wp\/v2\/posts\/828\/revisions\/1967"}],"wp:attachment":[{"href":"http:\/\/teaydeportea.edu.ar\/malvinas\/wp-json\/wp\/v2\/media?parent=828"}],"wp:term":[{"taxonomy":"category","embeddable":true,"href":"http:\/\/teaydeportea.edu.ar\/malvinas\/wp-json\/wp\/v2\/categories?post=828"},{"taxonomy":"post_tag","embeddable":true,"href":"http:\/\/teaydeportea.edu.ar\/malvinas\/wp-json\/wp\/v2\/tags?post=828"}],"curies":[{"name":"wp","href":"https:\/\/api.w.org\/{rel}","templated":true}]}}