{"id":816,"date":"2022-03-31T11:33:37","date_gmt":"2022-03-31T14:33:37","guid":{"rendered":"http:\/\/teaydeportea.edu.ar\/malvinas\/?p=816"},"modified":"2022-09-30T18:01:00","modified_gmt":"2022-09-30T21:01:00","slug":"roberto-aldo-bordoy","status":"publish","type":"post","link":"http:\/\/teaydeportea.edu.ar\/malvinas\/armada\/roberto-aldo-bordoy\/","title":{"rendered":"Roberto Aldo Bordoy"},"content":{"rendered":"\n<h2><strong>TIMOTE: LA TIERRA DE UN H\u00c9ROE<\/strong><\/h2>\n\n\n\n<p><em>Por: Paloma Bel\u00e9n Carrillo<\/em><\/p>\n\n\n\n<p>\u201cA \u00e9l en junio le daban la baja del servicio militar obligatorio, pero quer\u00eda quedarse a jurar la bandera. Si eso no ocurr\u00eda, Roberto no se hubiese tenido que subir al A.R.A General Belgrano\u201d<em>, <\/em>explica su hermana Rosana.<\/p>\n\n\n<div class=\"wp-block-image\">\n<figure class=\"aligncenter size-full\"><img decoding=\"async\" loading=\"lazy\" width=\"382\" height=\"386\" src=\"http:\/\/teaydeportea.edu.ar\/malvinas\/wp-content\/uploads\/2022\/09\/BORDOY_ROBERTO_ALDO.jpg\" alt=\"\" class=\"wp-image-1946\" srcset=\"http:\/\/teaydeportea.edu.ar\/malvinas\/wp-content\/uploads\/2022\/09\/BORDOY_ROBERTO_ALDO.jpg 382w, http:\/\/teaydeportea.edu.ar\/malvinas\/wp-content\/uploads\/2022\/09\/BORDOY_ROBERTO_ALDO-297x300.jpg 297w\" sizes=\"(max-width: 382px) 100vw, 382px\" \/><figcaption>Roberto Aldo Bordoy<\/figcaption><\/figure><\/div>\n\n\n<p>Roberto Aldo Bordoy naci\u00f3 en 1962 en un peque\u00f1o pueblo llamado Timote, ubicado en la localidad de Carlos Tejedor al oeste de la provincia de Buenos Aires. Compart\u00eda los d\u00edas con sus padres y seis hermanos.<\/p>\n\n\n\n<p>Bueno, alegre, muy sociable, son las palabras que nos acercan a su personalidad. En Timote ten\u00eda una carnicer\u00eda-despensa, que cerr\u00f3 ante su ausencia<strong>.<\/strong> Si hab\u00eda algo que le gustaba mucho era salir al campo con los perros, andar a caballo, juntarse con amigos y disfrutar de la vida.<\/p>\n\n\n\n<p>El padre sab\u00eda de la participaci\u00f3n de su hijo en la guerra de Malvinas, por ende, tom\u00f3 la dr\u00e1stica medida de cortar el cable de la televisi\u00f3n para que su madre no viera lo que estaba sucediendo. Pero la noticia del desenlace fatal lleg\u00f3 inevitablemente a trav\u00e9s del comentario de los vecinos. Ella se enter\u00f3 que el buque A.R.A General Belgrano, en el cual se encontraba su hijo, hab\u00eda sido arrasado por torpedos brit\u00e1nicos el 02\/05\/1982.<em> <\/em>\u201cMam\u00e1 lleg\u00f3 a casa y no cont\u00f3 nada, junto a mis hermanos nos enteramos por la gente del pueblo. Te imaginar\u00e1s lo que sufrimos todos\u201d, recuerda su hermana. Roberto Aldo Bordoy entreg\u00f3 su vida por la patria. Sus restos descansan en el mar argentino. \u00c9l fue, es y ser\u00e1, vecino de Timote y h\u00e9roe de la patria; h\u00e9roe de la Argentina.<\/p>\n","protected":false},"excerpt":{"rendered":"<p>TIMOTE: LA TIERRA DE UN H\u00c9ROE Por: Paloma Bel\u00e9n Carrillo \u201cA \u00e9l en junio le daban la baja del servicio militar obligatorio, pero quer\u00eda quedarse a jurar la bandera. Si eso no ocurr\u00eda, Roberto no se hubiese tenido que subir al A.R.A General Belgrano\u201d, explica su hermana Rosana. Roberto Aldo Bordoy naci\u00f3 en 1962 en [&hellip;]<\/p>\n","protected":false},"author":2,"featured_media":0,"comment_status":"closed","ping_status":"","sticky":false,"template":"","format":"standard","meta":[],"categories":[29],"tags":[],"_links":{"self":[{"href":"http:\/\/teaydeportea.edu.ar\/malvinas\/wp-json\/wp\/v2\/posts\/816"}],"collection":[{"href":"http:\/\/teaydeportea.edu.ar\/malvinas\/wp-json\/wp\/v2\/posts"}],"about":[{"href":"http:\/\/teaydeportea.edu.ar\/malvinas\/wp-json\/wp\/v2\/types\/post"}],"author":[{"embeddable":true,"href":"http:\/\/teaydeportea.edu.ar\/malvinas\/wp-json\/wp\/v2\/users\/2"}],"replies":[{"embeddable":true,"href":"http:\/\/teaydeportea.edu.ar\/malvinas\/wp-json\/wp\/v2\/comments?post=816"}],"version-history":[{"count":3,"href":"http:\/\/teaydeportea.edu.ar\/malvinas\/wp-json\/wp\/v2\/posts\/816\/revisions"}],"predecessor-version":[{"id":1948,"href":"http:\/\/teaydeportea.edu.ar\/malvinas\/wp-json\/wp\/v2\/posts\/816\/revisions\/1948"}],"wp:attachment":[{"href":"http:\/\/teaydeportea.edu.ar\/malvinas\/wp-json\/wp\/v2\/media?parent=816"}],"wp:term":[{"taxonomy":"category","embeddable":true,"href":"http:\/\/teaydeportea.edu.ar\/malvinas\/wp-json\/wp\/v2\/categories?post=816"},{"taxonomy":"post_tag","embeddable":true,"href":"http:\/\/teaydeportea.edu.ar\/malvinas\/wp-json\/wp\/v2\/tags?post=816"}],"curies":[{"name":"wp","href":"https:\/\/api.w.org\/{rel}","templated":true}]}}