{"id":56,"date":"2022-03-30T19:36:42","date_gmt":"2022-03-30T22:36:42","guid":{"rendered":"http:\/\/teaydeportea.edu.ar\/malvinas\/?p=56"},"modified":"2022-09-30T19:23:45","modified_gmt":"2022-09-30T22:23:45","slug":"julio-saturnino-castillo","status":"publish","type":"post","link":"http:\/\/teaydeportea.edu.ar\/malvinas\/armada\/julio-saturnino-castillo\/","title":{"rendered":"Julio Saturnino Castillo"},"content":{"rendered":"\n<h2><strong>PRIMERO LA VIDA DEL COMPA\u00d1ERO; DESPU\u00c9S, LA PROPIA<\/strong><\/h2>\n\n\n\n<p><em>Por: Santiago Laporte<\/em><\/p>\n\n\n\n<p>Julio Saturnino Castillo naci\u00f3 el 19 de agosto de 1943 en El Malacara, Departamento General Taboada de Santiago del Estero. En 1966 ingres\u00f3 en la Escuela de Suboficiales de Infanter\u00eda de Marina hasta llegar al Batall\u00f3n de Infanter\u00eda N\u00ba5, una de las unidades que oper\u00f3 en las Islas Malvinas.<\/p>\n\n\n\n<p>Castillo padec\u00eda epilepsia y, aunque la enfermedad se lo imped\u00eda, eligi\u00f3 combatir en las Islas. De hecho, en Malvinas debi\u00f3 ser internado por durante dos d\u00edas. Una vez recuperado, su superior quiso enviarlo de regreso a su hogar, pero pidi\u00f3 regresar con su gente, lo cual fue aceptado por sus condiciones de mando y valent\u00eda. &#8220;Se\u00f1or, de aqu\u00ed no me quiero ir hasta que hayamos terminado de hacer lo que tenemos que hacer: luchar&#8221;, recuerda su jefe inmediato, el teniente de corbeta de Infanter\u00eda de Marina Carlos Daniel V\u00e1squez.<\/p>\n\n\n\n<p>Su muerte es una de las m\u00e1s emblem\u00e1ticas de la guerra: el 14 de junio se encontraba en el Monte Tumbledown junto con la 4\u00aa Secci\u00f3n de tiradores de la Compa\u00f1\u00eda N\u00e1car, que buscaba contener el avance de la Guardia Escocesa. Fueron atacados mientras aguardaban en un mont\u00edculo rocoso. Castillo observ\u00f3 c\u00f3mo estaban hiriendo al cabo segundo Am\u00edlcar Tejada y al conscripto Jos\u00e9 Luis Galarza, cuando intervino. &#8220;\u00a1Ingl\u00e9s hijo de puta!&#8221;, le grit\u00f3 a uno de los soldados brit\u00e1nicos e intent\u00f3 interrumpir el ataque, pero recibi\u00f3 un disparo en su espalda.<\/p>\n\n\n\n<p>Tras su muerte, Castillo fue galardonado con la Cruz al Heroico Valor en Combate, condecoraci\u00f3n m\u00e1s alta otorgada en el pa\u00eds. Adem\u00e1s, la Armada Argentina bautiz\u00f3 con el nombre ARA \u201cSuboficial Castillo\u201d a un aviso incorporado a su flota de mar.<\/p>\n\n\n\n<p>En una de las pocas cartas que pudo enviarle a su esposa, escribi\u00f3: \u201cSi tengo que morir, quiero morir ac\u00e1\u201d. Y as\u00ed fue. Falleci\u00f3 como un h\u00e9roe en combate.<\/p>\n","protected":false},"excerpt":{"rendered":"<p>PRIMERO LA VIDA DEL COMPA\u00d1ERO; DESPU\u00c9S, LA PROPIA Por: Santiago Laporte Julio Saturnino Castillo naci\u00f3 el 19 de agosto de 1943 en El Malacara, Departamento General Taboada de Santiago del Estero. En 1966 ingres\u00f3 en la Escuela de Suboficiales de Infanter\u00eda de Marina hasta llegar al Batall\u00f3n de Infanter\u00eda N\u00ba5, una de las unidades que [&hellip;]<\/p>\n","protected":false},"author":2,"featured_media":0,"comment_status":"closed","ping_status":"open","sticky":false,"template":"","format":"standard","meta":[],"categories":[29],"tags":[],"_links":{"self":[{"href":"http:\/\/teaydeportea.edu.ar\/malvinas\/wp-json\/wp\/v2\/posts\/56"}],"collection":[{"href":"http:\/\/teaydeportea.edu.ar\/malvinas\/wp-json\/wp\/v2\/posts"}],"about":[{"href":"http:\/\/teaydeportea.edu.ar\/malvinas\/wp-json\/wp\/v2\/types\/post"}],"author":[{"embeddable":true,"href":"http:\/\/teaydeportea.edu.ar\/malvinas\/wp-json\/wp\/v2\/users\/2"}],"replies":[{"embeddable":true,"href":"http:\/\/teaydeportea.edu.ar\/malvinas\/wp-json\/wp\/v2\/comments?post=56"}],"version-history":[{"count":7,"href":"http:\/\/teaydeportea.edu.ar\/malvinas\/wp-json\/wp\/v2\/posts\/56\/revisions"}],"predecessor-version":[{"id":1982,"href":"http:\/\/teaydeportea.edu.ar\/malvinas\/wp-json\/wp\/v2\/posts\/56\/revisions\/1982"}],"wp:attachment":[{"href":"http:\/\/teaydeportea.edu.ar\/malvinas\/wp-json\/wp\/v2\/media?parent=56"}],"wp:term":[{"taxonomy":"category","embeddable":true,"href":"http:\/\/teaydeportea.edu.ar\/malvinas\/wp-json\/wp\/v2\/categories?post=56"},{"taxonomy":"post_tag","embeddable":true,"href":"http:\/\/teaydeportea.edu.ar\/malvinas\/wp-json\/wp\/v2\/tags?post=56"}],"curies":[{"name":"wp","href":"https:\/\/api.w.org\/{rel}","templated":true}]}}