{"id":438,"date":"2022-03-30T19:34:23","date_gmt":"2022-03-30T22:34:23","guid":{"rendered":"http:\/\/teaydeportea.edu.ar\/malvinas\/?p=438"},"modified":"2022-04-01T23:28:34","modified_gmt":"2022-04-02T02:28:34","slug":"hector-hugo-varas","status":"publish","type":"post","link":"http:\/\/teaydeportea.edu.ar\/malvinas\/fuerza-aerea\/hector-hugo-varas\/","title":{"rendered":"H\u00e9ctor Hugo Varas"},"content":{"rendered":"\n<h2>El &#8220;lobiz\u00f3n&#8221; cordob\u00e9s<\/h2>\n\n\n\n<p><em>Por: Mar\u00eda Agustina P\u00e1ez De La Torre.<\/em><\/p>\n\n\n\n<p>\u201cSi me llevan a Malvinas quiero ir, donde me manden ir\u00e9 a cumplir con mi deber\u201d, le expres\u00f3 H\u00e9ctor Hugo Varas, cabo primero perteneciente a la VI Brigada A\u00e9rea de Tandil, a su hermano Juan Antonio el \u00faltimo d\u00eda en que se vieron.<\/p>\n\n\n\n<p>Nacido el 29 de julio de 1960 en Villa del Rosario, C\u00f3rdoba, vivi\u00f3 una infancia muy dura. En el seno de una familia humilde, Mar\u00eda Elena Varas, su madre, cri\u00f3 sola a sus tres hijos \u2013Sof\u00eda Elena, Juan Antonio y H\u00e9ctor Hugo\u2013. Su padre jam\u00e1s se hizo cargo de ellos y a temprana edad debieron salir a trabajar, por lo cual H\u00e9ctor tuvo que dejar el colegio.<\/p>\n\n\n\n<p>A los 13 a\u00f1os comenz\u00f3 a trabajar en un taller mec\u00e1nico donde descubri\u00f3 su pasi\u00f3n por la mec\u00e1nica, afici\u00f3n que lo conducir\u00eda a la Escuela de Suboficiales de la Fuerza A\u00e9rea (ESFA) para especializarse como mec\u00e1nico automotriz. El &#8220;lobiz\u00f3n&#8221;, como lo llamaban sus compa\u00f1eros por tener la cara alargada y los ojos bien claros, se destacaba por su personalidad divertida. \u201cEra una persona muy histri\u00f3nica, le gustaba estar haciendo siempre moner\u00edas y bromas\u201d, recuerda entre risas Luis Antonio Gonz\u00e1lez, suboficial de la Fuerza A\u00e9rea y compa\u00f1ero de estudios de H\u00e9ctor. Jos\u00e9 Antonio Lavia, mec\u00e1nico instrumental y par en la VI Brigada A\u00e9rea, lo describe como un joven chistoso, buen compa\u00f1ero y una persona de bien.<\/p>\n\n\n\n<p>\u201cA \u00e9l no le tocaba ir. Hab\u00edan designado a otro m\u00e1s antiguo, quien present\u00f3 el caso para que vaya Varas en lugar de \u00e9l, ya que era cabo, joven y soltero\u201d, explica Lavia. H\u00e9ctor lo sinti\u00f3 como un orgullo. Se embarc\u00f3 en el buque ARA \u201cIsla de los Estados\u201d con la misi\u00f3n de transportar y custodiar un Jeep para que llegara a destino en Malvinas y, una vez all\u00ed, oficiar como conductor del comandante de la Fuerza A\u00e9rea. La fragata inglesa \u201cAlacrity\u201d se interpuso en el camino el 10 de mayo de 1982 y atac\u00f3 al buque argentino. El cuerpo de H\u00e9ctor nunca fue hallado.<\/p>\n","protected":false},"excerpt":{"rendered":"<p>El &#8220;lobiz\u00f3n&#8221; cordob\u00e9s Por: Mar\u00eda Agustina P\u00e1ez De La Torre. \u201cSi me llevan a Malvinas quiero ir, donde me manden ir\u00e9 a cumplir con mi deber\u201d, le expres\u00f3 H\u00e9ctor Hugo Varas, cabo primero perteneciente a la VI Brigada A\u00e9rea de Tandil, a su hermano Juan Antonio el \u00faltimo d\u00eda en que se vieron. Nacido el [&hellip;]<\/p>\n","protected":false},"author":2,"featured_media":0,"comment_status":"closed","ping_status":"","sticky":false,"template":"","format":"standard","meta":[],"categories":[30],"tags":[],"_links":{"self":[{"href":"http:\/\/teaydeportea.edu.ar\/malvinas\/wp-json\/wp\/v2\/posts\/438"}],"collection":[{"href":"http:\/\/teaydeportea.edu.ar\/malvinas\/wp-json\/wp\/v2\/posts"}],"about":[{"href":"http:\/\/teaydeportea.edu.ar\/malvinas\/wp-json\/wp\/v2\/types\/post"}],"author":[{"embeddable":true,"href":"http:\/\/teaydeportea.edu.ar\/malvinas\/wp-json\/wp\/v2\/users\/2"}],"replies":[{"embeddable":true,"href":"http:\/\/teaydeportea.edu.ar\/malvinas\/wp-json\/wp\/v2\/comments?post=438"}],"version-history":[{"count":2,"href":"http:\/\/teaydeportea.edu.ar\/malvinas\/wp-json\/wp\/v2\/posts\/438\/revisions"}],"predecessor-version":[{"id":1906,"href":"http:\/\/teaydeportea.edu.ar\/malvinas\/wp-json\/wp\/v2\/posts\/438\/revisions\/1906"}],"wp:attachment":[{"href":"http:\/\/teaydeportea.edu.ar\/malvinas\/wp-json\/wp\/v2\/media?parent=438"}],"wp:term":[{"taxonomy":"category","embeddable":true,"href":"http:\/\/teaydeportea.edu.ar\/malvinas\/wp-json\/wp\/v2\/categories?post=438"},{"taxonomy":"post_tag","embeddable":true,"href":"http:\/\/teaydeportea.edu.ar\/malvinas\/wp-json\/wp\/v2\/tags?post=438"}],"curies":[{"name":"wp","href":"https:\/\/api.w.org\/{rel}","templated":true}]}}