{"id":165,"date":"2022-03-30T19:36:15","date_gmt":"2022-03-30T22:36:15","guid":{"rendered":"http:\/\/teaydeportea.edu.ar\/malvinas\/?p=165"},"modified":"2022-04-01T23:00:44","modified_gmt":"2022-04-02T02:00:44","slug":"sixto-javier-fajardo","status":"publish","type":"post","link":"http:\/\/teaydeportea.edu.ar\/malvinas\/armada\/sixto-javier-fajardo\/","title":{"rendered":"Sixto Javier Fajardo"},"content":{"rendered":"\n<h2><strong>El hermano mayor<\/strong><\/h2>\n\n\n\n<p><em>Por: Franco Dr\u00e9.<\/em><\/p>\n\n\n\n<p>Sixto Javier Fajardo fue un excombatiente clase 62 que naci\u00f3 en la localidad de&nbsp; Gregorio de Laferrere, en el partido bonaerense de La Matanza. Hijo de Magdalena Dora Ruiz D\u00edaz y hermano de Soraya Dora, fue a la primaria n\u00ba 111, la escuela que hoy lleva su nombre. La secundaria la realiz\u00f3 en el&nbsp; colegio \u201cMariano Etchegaray\u201d, de Ciudad Evita.<\/p>\n\n\n\n<p>Su hermana Soraya lo tiene en la memoria en su v\u00ednculo con la familia porque su presencia a\u00fan perdura: \u201cTengo el mejor de los recuerdos, era el hermano m\u00e1s grande, el que nos cuidaba cuando mam\u00e1 trabajaba, \u00e9l ayudaba a la familia como pod\u00eda porque estudiaba y jugaba a la pelota tambi\u00e9n, como todo chico\u201d.<\/p>\n\n\n\n<p>Tambi\u00e9n rememor\u00f3 c\u00f3mo ella y su madre se enteraron que Javier ten\u00eda que ir a&nbsp; Malvinas: \u201cLe toc\u00f3 ir a la Marina y lo mandaron a Puerto Belgrano. A m\u00ed me lo dijo antes de partir, pero mi mam\u00e1 se enter\u00f3 cuando ya estaba en camino. Le escribi\u00f3 una carta en la cual le dec\u00eda que estaban practicando para lo que se ven\u00eda. Le coment\u00f3 que despu\u00e9s de ese viaje le daban la baja. Nunca m\u00e1s nos comunicamos con \u00e9l\u201d. D\u00edas despu\u00e9s, perdi\u00f3 la vida en el crucero ARA General&nbsp; Belgrano, hundido por los brit\u00e1nicos.<\/p>\n","protected":false},"excerpt":{"rendered":"<p>El hermano mayor Por: Franco Dr\u00e9. Sixto Javier Fajardo fue un excombatiente clase 62 que naci\u00f3 en la localidad de&nbsp; Gregorio de Laferrere, en el partido bonaerense de La Matanza. Hijo de Magdalena Dora Ruiz D\u00edaz y hermano de Soraya Dora, fue a la primaria n\u00ba 111, la escuela que hoy lleva su nombre. La [&hellip;]<\/p>\n","protected":false},"author":2,"featured_media":0,"comment_status":"closed","ping_status":"open","sticky":false,"template":"","format":"standard","meta":[],"categories":[29],"tags":[],"_links":{"self":[{"href":"http:\/\/teaydeportea.edu.ar\/malvinas\/wp-json\/wp\/v2\/posts\/165"}],"collection":[{"href":"http:\/\/teaydeportea.edu.ar\/malvinas\/wp-json\/wp\/v2\/posts"}],"about":[{"href":"http:\/\/teaydeportea.edu.ar\/malvinas\/wp-json\/wp\/v2\/types\/post"}],"author":[{"embeddable":true,"href":"http:\/\/teaydeportea.edu.ar\/malvinas\/wp-json\/wp\/v2\/users\/2"}],"replies":[{"embeddable":true,"href":"http:\/\/teaydeportea.edu.ar\/malvinas\/wp-json\/wp\/v2\/comments?post=165"}],"version-history":[{"count":3,"href":"http:\/\/teaydeportea.edu.ar\/malvinas\/wp-json\/wp\/v2\/posts\/165\/revisions"}],"predecessor-version":[{"id":1869,"href":"http:\/\/teaydeportea.edu.ar\/malvinas\/wp-json\/wp\/v2\/posts\/165\/revisions\/1869"}],"wp:attachment":[{"href":"http:\/\/teaydeportea.edu.ar\/malvinas\/wp-json\/wp\/v2\/media?parent=165"}],"wp:term":[{"taxonomy":"category","embeddable":true,"href":"http:\/\/teaydeportea.edu.ar\/malvinas\/wp-json\/wp\/v2\/categories?post=165"},{"taxonomy":"post_tag","embeddable":true,"href":"http:\/\/teaydeportea.edu.ar\/malvinas\/wp-json\/wp\/v2\/tags?post=165"}],"curies":[{"name":"wp","href":"https:\/\/api.w.org\/{rel}","templated":true}]}}