{"id":163,"date":"2022-03-30T19:36:15","date_gmt":"2022-03-30T22:36:15","guid":{"rendered":"http:\/\/teaydeportea.edu.ar\/malvinas\/?p=163"},"modified":"2022-04-01T22:59:40","modified_gmt":"2022-04-02T01:59:40","slug":"daniel-osvaldo-esturel","status":"publish","type":"post","link":"http:\/\/teaydeportea.edu.ar\/malvinas\/armada\/daniel-osvaldo-esturel\/","title":{"rendered":"Daniel Osvaldo Esturel"},"content":{"rendered":"\n<h2><strong>El pibe que atajaba como Fillol<\/strong><\/h2>\n\n\n\n<p><em>Por: Daniela Von Simons.<\/em><\/p>\n\n\n\n<p>El short de Rosario Central marca Adidas que le hab\u00eda regalado su primo Jorge Garc\u00eda, quien jugaba en el Canalla, fue la ropa de cabecera d\u00eda a d\u00eda. La rutina era simple. Sal\u00eda del colegio y autom\u00e1ticamente se encontraba con los amigos para jugar al f\u00fatbol en la placita del barrio Industrial, de Rosario, donde hoy una calle lleva su nombre: Daniel Osvaldo Esturel.<\/p>\n\n\n\n<p>En 1982 se convirti\u00f3 en uno de los soldados convocados para pelear en la Guerra de Malvinas. Embarc\u00f3 en el crucero ARA General Belgrano como cabo segundo.<\/p>\n\n\n\n<p>Formaba parte de una familia de cuatro personas. Viv\u00edan en una casa ubicada en la calle Bah\u00eda Blanca entre Rub\u00e9n Dar\u00edo y French. El domicilio, a veces, era el lugar donde los fines de semana se hac\u00edan los bailes del barrio.<\/p>\n\n\n\n<p>Cada domingo se acercaba al Gigante de Arroyito para ver a su querido Rosario Central. Aunque la plata escaseaba y no pod\u00eda comprar las entradas, junto a su amigo Rafa lograban colarse. Era tan grande el conocimiento del estadio que sab\u00eda d\u00f3nde estaba cada pasadizo para entrar a cada sector.<\/p>\n\n\n\n<p>Al momento de jugar al f\u00fatbol, su amigo cuenta que siempre le tocaba enfrentarlo. \u00c9l, delantero y Daniel, arquero. Era el duelo personal de todos los d\u00edas, el pibe que atajaba como Fillol -comenta Rafa- contra el fan\u00e1tico del \u201cMatador\u201d Mario Alberto Kempes.&nbsp;<\/p>\n\n\n\n<p>El 2 de mayo de 1982, aquel chico que usualmente vest\u00eda el short azul de Rosario Central y estaba a bordo del General Belgrano, fue v\u00edctima del bombardeo del submarino nuclear brit\u00e1nico HMS Conqueror. El barco argentino se hundi\u00f3 y Daniel Esturel, ahora, forma parte de los 649 h\u00e9roes ca\u00eddos en la guerra de Malvinas.<\/p>\n","protected":false},"excerpt":{"rendered":"<p>El pibe que atajaba como Fillol Por: Daniela Von Simons. El short de Rosario Central marca Adidas que le hab\u00eda regalado su primo Jorge Garc\u00eda, quien jugaba en el Canalla, fue la ropa de cabecera d\u00eda a d\u00eda. La rutina era simple. Sal\u00eda del colegio y autom\u00e1ticamente se encontraba con los amigos para jugar al [&hellip;]<\/p>\n","protected":false},"author":2,"featured_media":0,"comment_status":"closed","ping_status":"open","sticky":false,"template":"","format":"standard","meta":[],"categories":[29],"tags":[],"_links":{"self":[{"href":"http:\/\/teaydeportea.edu.ar\/malvinas\/wp-json\/wp\/v2\/posts\/163"}],"collection":[{"href":"http:\/\/teaydeportea.edu.ar\/malvinas\/wp-json\/wp\/v2\/posts"}],"about":[{"href":"http:\/\/teaydeportea.edu.ar\/malvinas\/wp-json\/wp\/v2\/types\/post"}],"author":[{"embeddable":true,"href":"http:\/\/teaydeportea.edu.ar\/malvinas\/wp-json\/wp\/v2\/users\/2"}],"replies":[{"embeddable":true,"href":"http:\/\/teaydeportea.edu.ar\/malvinas\/wp-json\/wp\/v2\/comments?post=163"}],"version-history":[{"count":3,"href":"http:\/\/teaydeportea.edu.ar\/malvinas\/wp-json\/wp\/v2\/posts\/163\/revisions"}],"predecessor-version":[{"id":1868,"href":"http:\/\/teaydeportea.edu.ar\/malvinas\/wp-json\/wp\/v2\/posts\/163\/revisions\/1868"}],"wp:attachment":[{"href":"http:\/\/teaydeportea.edu.ar\/malvinas\/wp-json\/wp\/v2\/media?parent=163"}],"wp:term":[{"taxonomy":"category","embeddable":true,"href":"http:\/\/teaydeportea.edu.ar\/malvinas\/wp-json\/wp\/v2\/categories?post=163"},{"taxonomy":"post_tag","embeddable":true,"href":"http:\/\/teaydeportea.edu.ar\/malvinas\/wp-json\/wp\/v2\/tags?post=163"}],"curies":[{"name":"wp","href":"https:\/\/api.w.org\/{rel}","templated":true}]}}