{"id":160,"date":"2022-03-30T19:36:15","date_gmt":"2022-03-30T22:36:15","guid":{"rendered":"http:\/\/teaydeportea.edu.ar\/malvinas\/?p=160"},"modified":"2022-04-01T22:59:04","modified_gmt":"2022-04-02T01:59:04","slug":"juan-miguel-escudero","status":"publish","type":"post","link":"http:\/\/teaydeportea.edu.ar\/malvinas\/armada\/juan-miguel-escudero\/","title":{"rendered":"Juan Miguel Escudero"},"content":{"rendered":"\n<h2><strong>El mendocino que so\u00f1aba conocer el mar<\/strong><\/h2>\n\n\n\n<p><em>Por: Guillermo Rojas.<\/em><\/p>\n\n\n\n<p>Humilde, ordenado y de buen gusto para vestirse. As\u00ed era Juan Miguel Escudero, nacido en General Alvear, provincia de Mendoza el 16 de enero de 1956.<\/p>\n\n\n\n<p>Desde chico ten\u00eda claro qu\u00e9 quer\u00eda para su futuro. Anhelaba ser marinero, desde ni\u00f1o le llam\u00f3 la atenci\u00f3n el mar y los barcos. Su hermano Walter tambi\u00e9n es h\u00e9roe de Malvinas y detall\u00f3: \u201cAl ser provinciano siempre quiso conocer el agua, era su sue\u00f1o\u201d. Para la gente del pueblo no era frecuente conocer el mar.<\/p>\n\n\n\n<p>A los 14 a\u00f1os dej\u00f3 su Alvear natal, se instal\u00f3 en Berazategui y comenz\u00f3 a estudiar en la Escuela Mec\u00e1nica de la Armada Argentina, donde termin\u00f3 sus estudios secundarios. All\u00ed, adem\u00e1s, se recibi\u00f3 de electricista y consigui\u00f3 trabajo en una f\u00e1brica de motores y bobinas. Tambi\u00e9n conoci\u00f3 a Susana Madarnas, con quien se cas\u00f3 y tuvo a Maximiliano, su hijo, quien actualmente forma parte de la Armada, como lo hizo su pap\u00e1.<\/p>\n\n\n\n<p>Juan Miguel y Walter se vieron antes de partir a Malvinas. \u00c9l formaba parte del batall\u00f3n de infanter\u00eda n\u00famero 1, con base en Puerto Belgrano, provincia de Buenos Aires. Ah\u00ed, tuvieron un encuentro final y compartieron una cena. \u201cMe lo tom\u00e9 como una despedida, \u00e9l me pregunt\u00f3 si los ingleses iban a venir y le contest\u00e9 que no se iban a quedar de brazos cruzados, siempre fueron piratas\u201d, rememora Walter.<\/p>\n\n\n\n<p>Sus \u00faltimas palabras fueron que se cuide, que eso no era ninguna joda. Tambi\u00e9n lo recuerda como un gran tipo, pero sobre todo un excelente hermano. El cabo primero Juan Miguel Escudero estaba en el crucero ARA General Belgrano el 2 de mayo de 1982, cuando los ingleses lo hundieron.<\/p>\n","protected":false},"excerpt":{"rendered":"<p>El mendocino que so\u00f1aba conocer el mar Por: Guillermo Rojas. Humilde, ordenado y de buen gusto para vestirse. As\u00ed era Juan Miguel Escudero, nacido en General Alvear, provincia de Mendoza el 16 de enero de 1956. Desde chico ten\u00eda claro qu\u00e9 quer\u00eda para su futuro. Anhelaba ser marinero, desde ni\u00f1o le llam\u00f3 la atenci\u00f3n el [&hellip;]<\/p>\n","protected":false},"author":2,"featured_media":0,"comment_status":"closed","ping_status":"open","sticky":false,"template":"","format":"standard","meta":[],"categories":[29],"tags":[],"_links":{"self":[{"href":"http:\/\/teaydeportea.edu.ar\/malvinas\/wp-json\/wp\/v2\/posts\/160"}],"collection":[{"href":"http:\/\/teaydeportea.edu.ar\/malvinas\/wp-json\/wp\/v2\/posts"}],"about":[{"href":"http:\/\/teaydeportea.edu.ar\/malvinas\/wp-json\/wp\/v2\/types\/post"}],"author":[{"embeddable":true,"href":"http:\/\/teaydeportea.edu.ar\/malvinas\/wp-json\/wp\/v2\/users\/2"}],"replies":[{"embeddable":true,"href":"http:\/\/teaydeportea.edu.ar\/malvinas\/wp-json\/wp\/v2\/comments?post=160"}],"version-history":[{"count":3,"href":"http:\/\/teaydeportea.edu.ar\/malvinas\/wp-json\/wp\/v2\/posts\/160\/revisions"}],"predecessor-version":[{"id":1867,"href":"http:\/\/teaydeportea.edu.ar\/malvinas\/wp-json\/wp\/v2\/posts\/160\/revisions\/1867"}],"wp:attachment":[{"href":"http:\/\/teaydeportea.edu.ar\/malvinas\/wp-json\/wp\/v2\/media?parent=160"}],"wp:term":[{"taxonomy":"category","embeddable":true,"href":"http:\/\/teaydeportea.edu.ar\/malvinas\/wp-json\/wp\/v2\/categories?post=160"},{"taxonomy":"post_tag","embeddable":true,"href":"http:\/\/teaydeportea.edu.ar\/malvinas\/wp-json\/wp\/v2\/tags?post=160"}],"curies":[{"name":"wp","href":"https:\/\/api.w.org\/{rel}","templated":true}]}}