{"id":158,"date":"2022-03-30T19:36:15","date_gmt":"2022-03-30T22:36:15","guid":{"rendered":"http:\/\/teaydeportea.edu.ar\/malvinas\/?p=158"},"modified":"2022-04-01T22:57:26","modified_gmt":"2022-04-02T01:57:26","slug":"jorge-carlos-duks","status":"publish","type":"post","link":"http:\/\/teaydeportea.edu.ar\/malvinas\/armada\/jorge-carlos-duks\/","title":{"rendered":"Jorge Carlos Duks"},"content":{"rendered":"\n<h2><strong>Un futbolista de Primera<\/strong><\/h2>\n\n\n\n<p><em>Por: Alan Pezo.<\/em><\/p>\n\n\n\n<p>El domingo 2 de mayo de 1982 el ARA General Belgrano fue interceptado por dos torpedos provenientes del submarino nuclear brit\u00e1nico Conqueror. En esa embarcaci\u00f3n se encontraba en servicio Jorge Carlos Duks, un joven de 19 a\u00f1os proveniente de Sunchales. Desde esta localidad santafesina, 5 soldados fueron enviados a la guerra de las Malvinas. Tres de ellos regresaron a su hogar, pero el soldado Duks, junto a Hugo Moretto, jam\u00e1s volvieron.<\/p>\n\n\n\n<p>Su familia describe a Jorge con calidez. Para ellos, siempre fue un gran hijo y amigo. Su hermano Gustavo Luis Duks recuerda a su \u201ccompa\u00f1ero de habitaci\u00f3n y de f\u00fatbol\u201d con mucho cari\u00f1o, y asegura que \u201cera una excelente persona y muy querido por todos\u201d.<\/p>\n\n\n\n<p>Deportista, entusiasta y repleto de amistades, se caracterizaba por su amabilidad y tranquilidad. Antes de ser llamado para la Marina, trabajaba en una peque\u00f1a muebler\u00eda. Fue a nataci\u00f3n en un club, a f\u00fatbol en otro y a dos escuelas distintas en su pueblo.<\/p>\n\n\n\n<p>La noticia de que Jorge partir\u00eda a la guerra lleg\u00f3 por radio y de forma inesperada. \u201cNos enteramos despu\u00e9s de que mi hermano iba a luchar a Malvinas, al principio no sab\u00edamos d\u00f3nde iba\u201d, cont\u00f3 Gustavo. Jorge fue reportado desaparecido m\u00e1s de dos meses despu\u00e9s de terminado el conflicto, lo cual, en ese entonces, era sin\u00f3nimo de que se encontrara sin vida.<\/p>\n\n\n\n<p>Su hermano Gustavo lo recuerda: \u201cJug\u00e1bamos al f\u00fatbol juntos, \u00e9l lleg\u00f3 a la Primera de Libertad, un club de Sunchales. Antes de irse, nos tomamos una \u00faltima foto. Esa imagen es, quiz\u00e1, mi \u00faltimo y m\u00e1s lindo recuerdo con mi hermano\u201d.<\/p>\n","protected":false},"excerpt":{"rendered":"<p>Un futbolista de Primera Por: Alan Pezo. El domingo 2 de mayo de 1982 el ARA General Belgrano fue interceptado por dos torpedos provenientes del submarino nuclear brit\u00e1nico Conqueror. En esa embarcaci\u00f3n se encontraba en servicio Jorge Carlos Duks, un joven de 19 a\u00f1os proveniente de Sunchales. Desde esta localidad santafesina, 5 soldados fueron enviados [&hellip;]<\/p>\n","protected":false},"author":2,"featured_media":0,"comment_status":"closed","ping_status":"open","sticky":false,"template":"","format":"standard","meta":[],"categories":[29],"tags":[],"_links":{"self":[{"href":"http:\/\/teaydeportea.edu.ar\/malvinas\/wp-json\/wp\/v2\/posts\/158"}],"collection":[{"href":"http:\/\/teaydeportea.edu.ar\/malvinas\/wp-json\/wp\/v2\/posts"}],"about":[{"href":"http:\/\/teaydeportea.edu.ar\/malvinas\/wp-json\/wp\/v2\/types\/post"}],"author":[{"embeddable":true,"href":"http:\/\/teaydeportea.edu.ar\/malvinas\/wp-json\/wp\/v2\/users\/2"}],"replies":[{"embeddable":true,"href":"http:\/\/teaydeportea.edu.ar\/malvinas\/wp-json\/wp\/v2\/comments?post=158"}],"version-history":[{"count":3,"href":"http:\/\/teaydeportea.edu.ar\/malvinas\/wp-json\/wp\/v2\/posts\/158\/revisions"}],"predecessor-version":[{"id":1865,"href":"http:\/\/teaydeportea.edu.ar\/malvinas\/wp-json\/wp\/v2\/posts\/158\/revisions\/1865"}],"wp:attachment":[{"href":"http:\/\/teaydeportea.edu.ar\/malvinas\/wp-json\/wp\/v2\/media?parent=158"}],"wp:term":[{"taxonomy":"category","embeddable":true,"href":"http:\/\/teaydeportea.edu.ar\/malvinas\/wp-json\/wp\/v2\/categories?post=158"},{"taxonomy":"post_tag","embeddable":true,"href":"http:\/\/teaydeportea.edu.ar\/malvinas\/wp-json\/wp\/v2\/tags?post=158"}],"curies":[{"name":"wp","href":"https:\/\/api.w.org\/{rel}","templated":true}]}}