{"id":156,"date":"2022-03-30T19:36:15","date_gmt":"2022-03-30T22:36:15","guid":{"rendered":"http:\/\/teaydeportea.edu.ar\/malvinas\/?p=156"},"modified":"2022-04-01T22:56:26","modified_gmt":"2022-04-02T01:56:26","slug":"hector-antonio-dufrechou","status":"publish","type":"post","link":"http:\/\/teaydeportea.edu.ar\/malvinas\/armada\/hector-antonio-dufrechou\/","title":{"rendered":"H\u00e9ctor Antonio Dufrechou"},"content":{"rendered":"\n<h2><strong>Una &#8220;ratita&#8221; en Malvinas<\/strong><\/h2>\n\n\n\n<p><em>Por: Rocco Merani.<\/em><\/p>\n\n\n\n<p>\u201cEra una extraordinaria persona y muy seria que empez\u00f3 a laburar cuando ten\u00eda solo 12 a\u00f1os, mientras hac\u00eda la primaria y sigui\u00f3 durante la secundaria. Cuando cumpli\u00f3 16 se fue a la Marina. F\u00edsicamente se parec\u00eda a una ratita por ser chiquito y flaquito\u201d, describe Mar\u00eda Roldan a su hijo, H\u00e9ctor Dufrechou, ex combatiente de Malvinas quien falleci\u00f3 en el Ara Alf\u00e9rez Sobral el 3 de mayo de 1982, tras un ataque de helic\u00f3pteros navales brit\u00e1nicos.<\/p>\n\n\n\n<p>La familia estaba conformada por su madre y tres hermanos. Sin que haya una figura paterna, sali\u00f3 a trabajar desde peque\u00f1o. Primero como verdulero, despu\u00e9s en una pizzer\u00eda. H\u00e9ctor viv\u00eda en Villa Adelina, provincia de Buenos Aires, donde hizo toda su secundaria.<\/p>\n\n\n\n<p>Ya en la ni\u00f1ez quer\u00eda seguir la carrera naval porque sent\u00eda amor por el mar y era fan\u00e1tico de los barcos. Tras ser aceptado en la Marina, en 1976, debi\u00f3 mudarse a Mar de Aj\u00f3. La familia fue de visita y les encant\u00f3 el lugar por lo que decidieron trasladarse. All\u00ed vive actualmente la madre junto a Alberto, uno de sus hermanos.<\/p>\n\n\n\n<p>En 1982 y tras cinco a\u00f1os sin verlo, les enviaron un telegrama con la confirmaci\u00f3n del fallecimiento. \u201cMe enter\u00e9 por la radio que atacaron al buque, pero lo que menos pens\u00e9 es que hab\u00eda muerto\u201d, expres\u00f3 la madre. El barco llevaba medicamentos a sus compatriotas.<\/p>\n\n\n\n<p>Antes de fallecer, le escribi\u00f3 una carta a su familia. Al regresar a Puerto Belgrano, un compa\u00f1ero, de contrabando, les entreg\u00f3 el mensaje: \u201cYa estoy arriba del barco. Cuid\u00e1 a los chicos mam\u00e1. Los quiero mucho\u201d.<\/p>\n\n\n\n<p>Mar\u00eda ten\u00eda tanta bronca por la muerte de su hijo que decidi\u00f3 quemar la carta y todas las pertenencias, incluyendo su ropa. En reconocimiento a H\u00e9ctor, nombraron la \u201cPunta Dufrechou\u201d que se ubica en el centro-este de la isla Soledad, al noreste de Puerto Argentino y al oriente de la caleta Gorri\u00f3n.<\/p>\n","protected":false},"excerpt":{"rendered":"<p>Una &#8220;ratita&#8221; en Malvinas Por: Rocco Merani. \u201cEra una extraordinaria persona y muy seria que empez\u00f3 a laburar cuando ten\u00eda solo 12 a\u00f1os, mientras hac\u00eda la primaria y sigui\u00f3 durante la secundaria. Cuando cumpli\u00f3 16 se fue a la Marina. F\u00edsicamente se parec\u00eda a una ratita por ser chiquito y flaquito\u201d, describe Mar\u00eda Roldan a [&hellip;]<\/p>\n","protected":false},"author":2,"featured_media":0,"comment_status":"closed","ping_status":"open","sticky":false,"template":"","format":"standard","meta":[],"categories":[29],"tags":[],"_links":{"self":[{"href":"http:\/\/teaydeportea.edu.ar\/malvinas\/wp-json\/wp\/v2\/posts\/156"}],"collection":[{"href":"http:\/\/teaydeportea.edu.ar\/malvinas\/wp-json\/wp\/v2\/posts"}],"about":[{"href":"http:\/\/teaydeportea.edu.ar\/malvinas\/wp-json\/wp\/v2\/types\/post"}],"author":[{"embeddable":true,"href":"http:\/\/teaydeportea.edu.ar\/malvinas\/wp-json\/wp\/v2\/users\/2"}],"replies":[{"embeddable":true,"href":"http:\/\/teaydeportea.edu.ar\/malvinas\/wp-json\/wp\/v2\/comments?post=156"}],"version-history":[{"count":3,"href":"http:\/\/teaydeportea.edu.ar\/malvinas\/wp-json\/wp\/v2\/posts\/156\/revisions"}],"predecessor-version":[{"id":1864,"href":"http:\/\/teaydeportea.edu.ar\/malvinas\/wp-json\/wp\/v2\/posts\/156\/revisions\/1864"}],"wp:attachment":[{"href":"http:\/\/teaydeportea.edu.ar\/malvinas\/wp-json\/wp\/v2\/media?parent=156"}],"wp:term":[{"taxonomy":"category","embeddable":true,"href":"http:\/\/teaydeportea.edu.ar\/malvinas\/wp-json\/wp\/v2\/categories?post=156"},{"taxonomy":"post_tag","embeddable":true,"href":"http:\/\/teaydeportea.edu.ar\/malvinas\/wp-json\/wp\/v2\/tags?post=156"}],"curies":[{"name":"wp","href":"https:\/\/api.w.org\/{rel}","templated":true}]}}