{"id":154,"date":"2022-03-30T19:36:15","date_gmt":"2022-03-30T22:36:15","guid":{"rendered":"http:\/\/teaydeportea.edu.ar\/malvinas\/?p=154"},"modified":"2022-04-01T22:55:42","modified_gmt":"2022-04-02T01:55:42","slug":"fernando-dorgambide","status":"publish","type":"post","link":"http:\/\/teaydeportea.edu.ar\/malvinas\/armada\/fernando-dorgambide\/","title":{"rendered":"Fernando Dorgambide"},"content":{"rendered":"\n<h2><strong>Un marinero desde la cuna<\/strong><\/h2>\n\n\n\n<p><em>Por: Rocco Merani.<\/em><\/p>\n\n\n\n<p>Fernando Dorgambide, hijo de espa\u00f1oles que vinieron a la Argentina en 1953, dec\u00eda que quer\u00eda ser marinero por su amor al mar. En 1982 falleci\u00f3 tras el hundimiento del ARA General Belgrano. Era un chico flaco, alto y muy serio que contaba a sus amigos con los dedos de una mano. Vivi\u00f3 gran parte de su vida en el barrio S\u00e1enz Pe\u00f1a, en Tres de Febrero. Adoraba los deportes como el b\u00e1squet o el f\u00fatbol porque simplemente le gustaba correr.<\/p>\n\n\n\n<p>Fernando pretend\u00eda convertirse en un marino ya que la familia estaba plagada de ellos y deseaba seguir con la tradici\u00f3n. A los padres no les convenc\u00eda la idea, pero se negaron a sacarle la vocaci\u00f3n. Tuvo una foja de servicio impecable y entr\u00f3 a la Marina f\u00e1cilmente.<\/p>\n\n\n\n<p>Un d\u00eda, su abuelo le dijo a la familia que regresaran a Espa\u00f1a debido a que la econom\u00eda se encontraba mejor y necesitaba que su hijo manejara el negocio familiar. A Fernando lo iban a acomodar en la Marina porque el padrino de casamiento de sus padres pertenec\u00eda a la fuerza. \u00c9l respondi\u00f3: \u201cVayan si quieren, yo me qued\u00f3. Este es mi pa\u00eds\u201d.<\/p>\n\n\n\n<p>Cuando el Ej\u00e9rcito argentino desembarc\u00f3 en Malvinas, lo llamaron a combatir. Frente a esto, sus padres se quedaron en Argentina porque \u00e9l era lo \u00fanico que ten\u00edan. El 19 de marzo de ese a\u00f1o planeaban realizar un viaje a Espa\u00f1a. Pensaron en cancelarlo, pero su hijo les dijo: \u201cNo se preocupen, vayan sin m\u00ed\u201d.<\/p>\n\n\n\n<p>El 2 de mayo de 1982, el ARA General Belgrano se hundi\u00f3 tras el ataque de un submarino ingl\u00e9s. Uno de sus amigos m\u00e1s cercanos de la infancia, Roberto Gamarra, lo recuerda en el extracto de un poema que recita cada vez que tiene la oportunidad: \u201cDorgambide Fernando, clase 64, navegaba a bordo del General Belgrano. Pregunten en S\u00e1enz Pe\u00f1a, su barrio suburbano, en la escuelita, a los que \u00e9ramos m\u00e1s chicos, al que arde en bicicleta a los p\u00e1jaros\u201d.<\/p>\n","protected":false},"excerpt":{"rendered":"<p>Un marinero desde la cuna Por: Rocco Merani. Fernando Dorgambide, hijo de espa\u00f1oles que vinieron a la Argentina en 1953, dec\u00eda que quer\u00eda ser marinero por su amor al mar. En 1982 falleci\u00f3 tras el hundimiento del ARA General Belgrano. Era un chico flaco, alto y muy serio que contaba a sus amigos con los [&hellip;]<\/p>\n","protected":false},"author":2,"featured_media":0,"comment_status":"closed","ping_status":"open","sticky":false,"template":"","format":"standard","meta":[],"categories":[29],"tags":[],"_links":{"self":[{"href":"http:\/\/teaydeportea.edu.ar\/malvinas\/wp-json\/wp\/v2\/posts\/154"}],"collection":[{"href":"http:\/\/teaydeportea.edu.ar\/malvinas\/wp-json\/wp\/v2\/posts"}],"about":[{"href":"http:\/\/teaydeportea.edu.ar\/malvinas\/wp-json\/wp\/v2\/types\/post"}],"author":[{"embeddable":true,"href":"http:\/\/teaydeportea.edu.ar\/malvinas\/wp-json\/wp\/v2\/users\/2"}],"replies":[{"embeddable":true,"href":"http:\/\/teaydeportea.edu.ar\/malvinas\/wp-json\/wp\/v2\/comments?post=154"}],"version-history":[{"count":3,"href":"http:\/\/teaydeportea.edu.ar\/malvinas\/wp-json\/wp\/v2\/posts\/154\/revisions"}],"predecessor-version":[{"id":1863,"href":"http:\/\/teaydeportea.edu.ar\/malvinas\/wp-json\/wp\/v2\/posts\/154\/revisions\/1863"}],"wp:attachment":[{"href":"http:\/\/teaydeportea.edu.ar\/malvinas\/wp-json\/wp\/v2\/media?parent=154"}],"wp:term":[{"taxonomy":"category","embeddable":true,"href":"http:\/\/teaydeportea.edu.ar\/malvinas\/wp-json\/wp\/v2\/categories?post=154"},{"taxonomy":"post_tag","embeddable":true,"href":"http:\/\/teaydeportea.edu.ar\/malvinas\/wp-json\/wp\/v2\/tags?post=154"}],"curies":[{"name":"wp","href":"https:\/\/api.w.org\/{rel}","templated":true}]}}