{"id":151,"date":"2022-03-30T19:36:15","date_gmt":"2022-03-30T22:36:15","guid":{"rendered":"http:\/\/teaydeportea.edu.ar\/malvinas\/?p=151"},"modified":"2022-04-01T22:55:07","modified_gmt":"2022-04-02T01:55:07","slug":"hector-hugo-diez-gomez","status":"publish","type":"post","link":"http:\/\/teaydeportea.edu.ar\/malvinas\/armada\/hector-hugo-diez-gomez\/","title":{"rendered":"H\u00e9ctor Hugo Diez G\u00f3mez"},"content":{"rendered":"\n<h2><strong>El joven de sonrisa espl\u00e9ndida<\/strong><\/h2>\n\n\n\n<p><em>Por: Diego Maturana.<\/em><\/p>\n\n\n\n<p>&#8220;Cuando regrese voy a buscar un trabajo para darle lo mejor a mi familia\u201d. Estas fueron las palabras del ex combatiente de San Salvador de Jujuy, H\u00e9ctor Hugo D\u00edez G\u00f3mez, quien con 19 a\u00f1os zarp\u00f3 desde la base naval puerto Belgrano hacia las Islas Malvinas el 16 de abril de 1982, donde dej\u00f3 la vida en el ARA General Belgrano.<\/p>\n\n\n\n<p>Al nacido en el barrio de San Isidro lo esperaba una familia cuando volviera del enfrentamiento. Bajo el mismo techo se encontraba su madre Esther \u201cLulu\u201d Beltr\u00e1n y su hermano Sergio, los dos pilares de su corta vida. El padre de este guerrero falleci\u00f3 antes de que iniciara el conflicto.<\/p>\n\n\n\n<div class=\"wp-block-image\"><figure class=\"aligncenter size-full\"><img decoding=\"async\" loading=\"lazy\" width=\"208\" height=\"241\" src=\"http:\/\/teaydeportea.edu.ar\/malvinas\/wp-content\/uploads\/2022\/03\/DIEZ_GOMEZ_HECTOR_HUGO.jpg\" alt=\"\" class=\"wp-image-153\"\/><figcaption>H\u00e9ctor Diez G\u00f3mez<\/figcaption><\/figure><\/div>\n\n\n\n<p>Dante Fotio, quien fue su compa\u00f1ero en la instrucci\u00f3n, lo describe como alguien alegre, solidario, humilde y querido por todos. Adem\u00e1s, record\u00f3 que f\u00edsicamente era una persona de estatura mediana, morocho, narig\u00f3n, orejudo y con una sonrisa espl\u00e9ndida. El momento del baile fue otra de las im\u00e1genes que le qued\u00f3 en la memoria al sobreviviente, ya que a Diez G\u00f3mez le encantaba la m\u00fasica y amaba el folklore de su provincia natal.<\/p>\n\n\n\n<p>Ernesto Ju\u00e1rez, otro amigo de guerra del juje\u00f1o, cuenta c\u00f3mo eran sus d\u00edas de instrucci\u00f3n en aquellos tiempos previos a Malvinas. Se levantaban a las 5 para desayunar. Luego, en el resto de la ma\u00f1ana y a la tarde, hac\u00edan actividades recreativas, clases de instrucci\u00f3n, cursos de tiro y diferentes tareas. A la noche se duchaban e iban a dormir. A veces, hab\u00eda festivales con artistas.<\/p>\n\n\n\n<p>Tras revivir estos momentos, Ju\u00e1rez expresa: \u201cEl tiempo que hemos compartido fue breve en cuanto a los d\u00edas, pero ha sido eterno en nuestra memoria\u201d.<\/p>\n","protected":false},"excerpt":{"rendered":"<p>El joven de sonrisa espl\u00e9ndida Por: Diego Maturana. &#8220;Cuando regrese voy a buscar un trabajo para darle lo mejor a mi familia\u201d. Estas fueron las palabras del ex combatiente de San Salvador de Jujuy, H\u00e9ctor Hugo D\u00edez G\u00f3mez, quien con 19 a\u00f1os zarp\u00f3 desde la base naval puerto Belgrano hacia las Islas Malvinas el 16 [&hellip;]<\/p>\n","protected":false},"author":2,"featured_media":0,"comment_status":"closed","ping_status":"open","sticky":false,"template":"","format":"standard","meta":[],"categories":[29],"tags":[],"_links":{"self":[{"href":"http:\/\/teaydeportea.edu.ar\/malvinas\/wp-json\/wp\/v2\/posts\/151"}],"collection":[{"href":"http:\/\/teaydeportea.edu.ar\/malvinas\/wp-json\/wp\/v2\/posts"}],"about":[{"href":"http:\/\/teaydeportea.edu.ar\/malvinas\/wp-json\/wp\/v2\/types\/post"}],"author":[{"embeddable":true,"href":"http:\/\/teaydeportea.edu.ar\/malvinas\/wp-json\/wp\/v2\/users\/2"}],"replies":[{"embeddable":true,"href":"http:\/\/teaydeportea.edu.ar\/malvinas\/wp-json\/wp\/v2\/comments?post=151"}],"version-history":[{"count":3,"href":"http:\/\/teaydeportea.edu.ar\/malvinas\/wp-json\/wp\/v2\/posts\/151\/revisions"}],"predecessor-version":[{"id":1862,"href":"http:\/\/teaydeportea.edu.ar\/malvinas\/wp-json\/wp\/v2\/posts\/151\/revisions\/1862"}],"wp:attachment":[{"href":"http:\/\/teaydeportea.edu.ar\/malvinas\/wp-json\/wp\/v2\/media?parent=151"}],"wp:term":[{"taxonomy":"category","embeddable":true,"href":"http:\/\/teaydeportea.edu.ar\/malvinas\/wp-json\/wp\/v2\/categories?post=151"},{"taxonomy":"post_tag","embeddable":true,"href":"http:\/\/teaydeportea.edu.ar\/malvinas\/wp-json\/wp\/v2\/tags?post=151"}],"curies":[{"name":"wp","href":"https:\/\/api.w.org\/{rel}","templated":true}]}}