{"id":145,"date":"2022-03-30T19:36:15","date_gmt":"2022-03-30T22:36:15","guid":{"rendered":"http:\/\/teaydeportea.edu.ar\/malvinas\/?p=145"},"modified":"2022-04-01T22:54:30","modified_gmt":"2022-04-02T01:54:30","slug":"vicente-antonio-diaz","status":"publish","type":"post","link":"http:\/\/teaydeportea.edu.ar\/malvinas\/armada\/vicente-antonio-diaz\/","title":{"rendered":"Vicente Antonio D\u00edaz"},"content":{"rendered":"\n<h2><strong>El flaquito que imitaba al &#8220;Loco&#8221; Gatti<\/strong><\/h2>\n\n\n\n<p><em>Por: Diego Maturana.<\/em><\/p>\n\n\n\n<p>\u201cCon Vicente Antonio D\u00edaz tengo muchos recuerdos, como cuando jug\u00e1bamos al f\u00fatbol en el hogar escuela de nuestro barrio 8 de Abril y se hac\u00eda \u2018El Loco\u2019 Gatti. Adem\u00e1s, me queda su imagen despidi\u00e9ndose un 13 de junio con el conflicto casi terminado\u201d, cuenta Mario Rub\u00e9n Pacheco, compa\u00f1ero de la infancia del santiague\u00f1o y excombatiente de Malvinas.<\/p>\n\n\n\n<p>Vicente, como los 649 ca\u00eddos que yacen en territorio argentino, ten\u00eda sue\u00f1os para despu\u00e9s de la Guerra. El m\u00e1s importante era conocer a su hija Claudia, quien naci\u00f3 tres meses despu\u00e9s de su fallecimiento. Una mujer que no recuerda f\u00edsicamente a \u201csu h\u00e9roe de coraz\u00f3n\u201d, como lo menciona ella: Claudia Cristina Mansilla sigue luchando, pese a sus escasos recursos, para hacer los tr\u00e1mites de sangre y el rastrillaje del cuerpo de su pap\u00e1, que hasta hoy permanece sin ser identificado.<\/p>\n\n\n\n<div class=\"wp-block-image\"><figure class=\"aligncenter size-full\"><img decoding=\"async\" loading=\"lazy\" width=\"176\" height=\"294\" src=\"http:\/\/teaydeportea.edu.ar\/malvinas\/wp-content\/uploads\/2022\/03\/DIAZ_VICENTE_ANTONIO.jpg\" alt=\"\" class=\"wp-image-149\"\/><figcaption>Vicente A. D\u00edaz<\/figcaption><\/figure><\/div>\n\n\n\n<p>Quer\u00eda formar una familia, casarse y trabajar para seguir progresando. As\u00ed lo expresa su \u00faltimo amor, Ermi\u00f1a del Valle Mansilla, quien en un principio fue su vecina y, m\u00e1s tarde, la madre de su \u00fanica hija: \u201cLo que me ha pasado con \u00e9l, no lo voy a volver a pasar nunca m\u00e1s en mi vida, dios me lo ha quitado\u201d. \u201cValle\u201d, como la apodan en el barrio, lo describe f\u00edsicamente como un flaquito, morocho y alto que ten\u00eda un enorme coraz\u00f3n, no se peleaba con nadie, era un hombre del trabajo y del hogar, sus dos lugares en el mundo.<\/p>\n\n\n\n<p>Pacheco recuerda hasta hoy su \u00faltimo gesto: \u201cFue un 13 de junio del \u201882. \u00c9l me dio un apret\u00f3n de manos, camin\u00f3 y me levant\u00f3 el pulgar dici\u00e9ndome que todo iba a estar bien\u201d. Unas horas despu\u00e9s, Vicente Antonio D\u00edaz muri\u00f3 en el repliegue de su unidad en Sapper Hill. Dej\u00f3 la vida el d\u00eda que termin\u00f3 la guerra, por la de otros cientos de j\u00f3venes que hoy cuentan esta historia.<\/p>\n","protected":false},"excerpt":{"rendered":"<p>El flaquito que imitaba al &#8220;Loco&#8221; Gatti Por: Diego Maturana. \u201cCon Vicente Antonio D\u00edaz tengo muchos recuerdos, como cuando jug\u00e1bamos al f\u00fatbol en el hogar escuela de nuestro barrio 8 de Abril y se hac\u00eda \u2018El Loco\u2019 Gatti. Adem\u00e1s, me queda su imagen despidi\u00e9ndose un 13 de junio con el conflicto casi terminado\u201d, cuenta Mario [&hellip;]<\/p>\n","protected":false},"author":2,"featured_media":0,"comment_status":"closed","ping_status":"open","sticky":false,"template":"","format":"standard","meta":[],"categories":[29],"tags":[],"_links":{"self":[{"href":"http:\/\/teaydeportea.edu.ar\/malvinas\/wp-json\/wp\/v2\/posts\/145"}],"collection":[{"href":"http:\/\/teaydeportea.edu.ar\/malvinas\/wp-json\/wp\/v2\/posts"}],"about":[{"href":"http:\/\/teaydeportea.edu.ar\/malvinas\/wp-json\/wp\/v2\/types\/post"}],"author":[{"embeddable":true,"href":"http:\/\/teaydeportea.edu.ar\/malvinas\/wp-json\/wp\/v2\/users\/2"}],"replies":[{"embeddable":true,"href":"http:\/\/teaydeportea.edu.ar\/malvinas\/wp-json\/wp\/v2\/comments?post=145"}],"version-history":[{"count":5,"href":"http:\/\/teaydeportea.edu.ar\/malvinas\/wp-json\/wp\/v2\/posts\/145\/revisions"}],"predecessor-version":[{"id":1861,"href":"http:\/\/teaydeportea.edu.ar\/malvinas\/wp-json\/wp\/v2\/posts\/145\/revisions\/1861"}],"wp:attachment":[{"href":"http:\/\/teaydeportea.edu.ar\/malvinas\/wp-json\/wp\/v2\/media?parent=145"}],"wp:term":[{"taxonomy":"category","embeddable":true,"href":"http:\/\/teaydeportea.edu.ar\/malvinas\/wp-json\/wp\/v2\/categories?post=145"},{"taxonomy":"post_tag","embeddable":true,"href":"http:\/\/teaydeportea.edu.ar\/malvinas\/wp-json\/wp\/v2\/tags?post=145"}],"curies":[{"name":"wp","href":"https:\/\/api.w.org\/{rel}","templated":true}]}}