{"id":139,"date":"2022-03-30T19:36:15","date_gmt":"2022-03-30T22:36:15","guid":{"rendered":"http:\/\/teaydeportea.edu.ar\/malvinas\/?p=139"},"modified":"2022-04-01T22:53:18","modified_gmt":"2022-04-02T01:53:18","slug":"antonio-maria-diaz","status":"publish","type":"post","link":"http:\/\/teaydeportea.edu.ar\/malvinas\/armada\/antonio-maria-diaz\/","title":{"rendered":"Antonio Mar\u00eda D\u00edaz"},"content":{"rendered":"\n<h2><strong>Una timidez que no se olvida<\/strong><\/h2>\n\n\n\n<p><em>Por: Marcelo L\u00f3pez Aspuru.<\/em><\/p>\n\n\n\n<p>Antonio Mar\u00eda D\u00edaz naci\u00f3 el d\u00eda del amigo un 20 de julio de 1960, era oriundo de Goya, Corrientes. Luego vivi\u00f3 en Henderson, en la provincia de Buenos Aires. Soldado conscripto de la Armada, a los 21 a\u00f1os fue a la guerra. No lo dejaron que cumpliera 22\u2026<\/p>\n\n\n\n<p>\u201cAntonio era una muy buena persona, humilde, bastante t\u00edmido y se preocupaba mucho por su familia\u201d, cuenta H\u00e9ctor Moita, compa\u00f1ero de Antonio D\u00edaz en el crucero ARA General Belgrano.<\/p>\n\n\n\n<p>1093 fueron los tripulantes que navegaban en el crucero. 323 los que fallecieron en el hundimiento el 2 de mayo de 1982, justo un mes despu\u00e9s que comenz\u00f3 la Guerra de Malvinas. Antonio fue uno de ellos. \u201cEl momento que pasamos -recuerda Moita- no se lo recomiendo a nadie. Est\u00e1bamos entrenados, pero cuando nos atacaron fue muy duro y tuvimos mucho fr\u00edo, adem\u00e1s de todo el sufrimiento\u201d.<\/p>\n\n\n\n<p>El hundimiento del ARA General Belgrano se produjo como consecuencia del ataque de dos torpedos del submarino nuclear brit\u00e1nico HMS Conqueror. \u201cDe golpe sentimos un impacto, pas\u00f3 muy poco tiempo y sentimos el otro. Hab\u00edamos practicado esas emergencias. De repente, el crucero qued\u00f3 inclinado y ya no se pod\u00eda navegar. Nos tuvimos que tirar al agua, y, lamentablemente, Antonio no logr\u00f3 salir\u201d, agrega H\u00e9ctor, con una voz que se le quiebra.<\/p>\n\n\n\n<p>A casi 40 a\u00f1os, Antonio Mar\u00eda D\u00edaz es uno de los 649 h\u00e9roes ca\u00eddos en combate que no debe ser olvidado. Esa guerra injusta, como todas las guerras, fue dirigida desde \u201cla comodidad\u201d por el dictador argentino Leopoldo Galtieri y se llev\u00f3 los sue\u00f1os de muchos. Y provoc\u00f3 la bronca y tristeza de miles de argentinos y argentinas. A este hecho hist\u00f3rico y tan trascendente para el pa\u00eds, tambi\u00e9n hay que decirle Nunca M\u00e1s.<\/p>\n","protected":false},"excerpt":{"rendered":"<p>Una timidez que no se olvida Por: Marcelo L\u00f3pez Aspuru. Antonio Mar\u00eda D\u00edaz naci\u00f3 el d\u00eda del amigo un 20 de julio de 1960, era oriundo de Goya, Corrientes. Luego vivi\u00f3 en Henderson, en la provincia de Buenos Aires. Soldado conscripto de la Armada, a los 21 a\u00f1os fue a la guerra. No lo dejaron [&hellip;]<\/p>\n","protected":false},"author":2,"featured_media":0,"comment_status":"closed","ping_status":"open","sticky":false,"template":"","format":"standard","meta":[],"categories":[29],"tags":[],"_links":{"self":[{"href":"http:\/\/teaydeportea.edu.ar\/malvinas\/wp-json\/wp\/v2\/posts\/139"}],"collection":[{"href":"http:\/\/teaydeportea.edu.ar\/malvinas\/wp-json\/wp\/v2\/posts"}],"about":[{"href":"http:\/\/teaydeportea.edu.ar\/malvinas\/wp-json\/wp\/v2\/types\/post"}],"author":[{"embeddable":true,"href":"http:\/\/teaydeportea.edu.ar\/malvinas\/wp-json\/wp\/v2\/users\/2"}],"replies":[{"embeddable":true,"href":"http:\/\/teaydeportea.edu.ar\/malvinas\/wp-json\/wp\/v2\/comments?post=139"}],"version-history":[{"count":3,"href":"http:\/\/teaydeportea.edu.ar\/malvinas\/wp-json\/wp\/v2\/posts\/139\/revisions"}],"predecessor-version":[{"id":1859,"href":"http:\/\/teaydeportea.edu.ar\/malvinas\/wp-json\/wp\/v2\/posts\/139\/revisions\/1859"}],"wp:attachment":[{"href":"http:\/\/teaydeportea.edu.ar\/malvinas\/wp-json\/wp\/v2\/media?parent=139"}],"wp:term":[{"taxonomy":"category","embeddable":true,"href":"http:\/\/teaydeportea.edu.ar\/malvinas\/wp-json\/wp\/v2\/categories?post=139"},{"taxonomy":"post_tag","embeddable":true,"href":"http:\/\/teaydeportea.edu.ar\/malvinas\/wp-json\/wp\/v2\/tags?post=139"}],"curies":[{"name":"wp","href":"https:\/\/api.w.org\/{rel}","templated":true}]}}