{"id":1337,"date":"2022-03-31T22:33:02","date_gmt":"2022-04-01T01:33:02","guid":{"rendered":"http:\/\/teaydeportea.edu.ar\/malvinas\/?p=1337"},"modified":"2022-04-01T13:16:22","modified_gmt":"2022-04-01T16:16:22","slug":"jorge-alberto-sendros","status":"publish","type":"post","link":"http:\/\/teaydeportea.edu.ar\/malvinas\/armada\/jorge-alberto-sendros\/","title":{"rendered":"Jorge Alberto Sendr\u00f3s"},"content":{"rendered":"\n<h2>Una escuela alza su nombre en Entre R\u00edos<\/h2>\n\n\n\n<p><\/p>\n\n\n\n<p>Jorge Alberto Sendros naci\u00f3 en 1960, en Concordia, Entre R\u00edos. Sus sue\u00f1os se desvanecieron el 2 de mayo de 1982, cuando fue hundido el crucero ARA General Belgrano. Ten\u00eda 22 a\u00f1os.<\/p>\n\n\n\n<p>En octubre de 2009, varios familiares de los entrerrianos ca\u00eddos en la Guerra de Malvinas viajaron a las islas, incluida su mam\u00e1 Olga Vel\u00e1squez de Sendr\u00f3s: \u201cFue una experiencia \u00fanica, pude ver lo que mi hijo no vio despu\u00e9s de 27 a\u00f1os\u201d.<\/p>\n\n\n\n<p>Olga dice que su Jorge Alberto se encuentra en el mar y que el \u00fanico recuerdo que tiene es una bola con piedras y tierra que le fue entregada.<\/p>\n\n\n\n<p>La escuela secundaria N\u00b0 35 de Concordia alza su nombre bien alto: \u201cCabo Primero Furriel Jorge Alberto Sendr\u00f3s\u201d.<\/p>\n","protected":false},"excerpt":{"rendered":"<p>Una escuela alza su nombre en Entre R\u00edos Jorge Alberto Sendros naci\u00f3 en 1960, en Concordia, Entre R\u00edos. Sus sue\u00f1os se desvanecieron el 2 de mayo de 1982, cuando fue hundido el crucero ARA General Belgrano. Ten\u00eda 22 a\u00f1os. En octubre de 2009, varios familiares de los entrerrianos ca\u00eddos en la Guerra de Malvinas viajaron [&hellip;]<\/p>\n","protected":false},"author":2,"featured_media":0,"comment_status":"closed","ping_status":"","sticky":false,"template":"","format":"standard","meta":[],"categories":[29],"tags":[],"_links":{"self":[{"href":"http:\/\/teaydeportea.edu.ar\/malvinas\/wp-json\/wp\/v2\/posts\/1337"}],"collection":[{"href":"http:\/\/teaydeportea.edu.ar\/malvinas\/wp-json\/wp\/v2\/posts"}],"about":[{"href":"http:\/\/teaydeportea.edu.ar\/malvinas\/wp-json\/wp\/v2\/types\/post"}],"author":[{"embeddable":true,"href":"http:\/\/teaydeportea.edu.ar\/malvinas\/wp-json\/wp\/v2\/users\/2"}],"replies":[{"embeddable":true,"href":"http:\/\/teaydeportea.edu.ar\/malvinas\/wp-json\/wp\/v2\/comments?post=1337"}],"version-history":[{"count":2,"href":"http:\/\/teaydeportea.edu.ar\/malvinas\/wp-json\/wp\/v2\/posts\/1337\/revisions"}],"predecessor-version":[{"id":1713,"href":"http:\/\/teaydeportea.edu.ar\/malvinas\/wp-json\/wp\/v2\/posts\/1337\/revisions\/1713"}],"wp:attachment":[{"href":"http:\/\/teaydeportea.edu.ar\/malvinas\/wp-json\/wp\/v2\/media?parent=1337"}],"wp:term":[{"taxonomy":"category","embeddable":true,"href":"http:\/\/teaydeportea.edu.ar\/malvinas\/wp-json\/wp\/v2\/categories?post=1337"},{"taxonomy":"post_tag","embeddable":true,"href":"http:\/\/teaydeportea.edu.ar\/malvinas\/wp-json\/wp\/v2\/tags?post=1337"}],"curies":[{"name":"wp","href":"https:\/\/api.w.org\/{rel}","templated":true}]}}