{"id":131,"date":"2022-03-30T19:36:41","date_gmt":"2022-03-30T22:36:41","guid":{"rendered":"http:\/\/teaydeportea.edu.ar\/malvinas\/?p=131"},"modified":"2022-04-01T22:52:12","modified_gmt":"2022-04-02T01:52:12","slug":"ernesto-ruben-del-monte","status":"publish","type":"post","link":"http:\/\/teaydeportea.edu.ar\/malvinas\/armada\/ernesto-ruben-del-monte\/","title":{"rendered":"Ernesto Rub\u00e9n Del Monte"},"content":{"rendered":"\n<h2><strong>Lanzamiento del alma<\/strong><\/h2>\n\n\n\n<p><em>Por: Leandro Gambino.<\/em><\/p>\n\n\n\n<p>Ernesto Rub\u00e9n del Monte, apodado como \u201cEl Cabez\u00f3n\u201d o \u201cLa Chancha\u201d, ingres\u00f3 a la Armada el 15 de febrero de 1980. Desde los comienzos se notaba su solidaridad y ganas de aprender para hacer carrera. Con un desempe\u00f1o destacado entre sus pares, en lo deportivo y acad\u00e9mico, logr\u00f3 ganarse el cari\u00f1o de los compa\u00f1eros.<\/p>\n\n\n\n<p>\u201cEl viv\u00eda ac\u00e1 sobre Paso, antes de llegar a Alvear, en Lomas de Zamora. La mam\u00e1 se llamaba Mar\u00eda, una se\u00f1ora buen\u00edsima y muy trabajadora. Ernesto, en el barrio, siempre era de la barra que iba a bailar, ten\u00eda mucha pinta: ojos verdes y corpulento\u201d, recuerda Antonio De Luca, amigo de la infancia.<\/p>\n\n\n\n<p>\u201cCorr\u00edan los \u201880, en noviembre cumpl\u00eda a\u00f1os. Me estuve cuidando toda la semana para no ser sancionado y salir de franco. Pero un oficial, para que no pueda festejar con mi familia, me puso de guardia imaginaria ese fin de semana. Cuando \u201cEl Cabez\u00f3n\u201d se enter\u00f3, aunque \u00e9l ten\u00eda franco, se qued\u00f3 el fin de semana conmigo festejando el cumplea\u00f1os\u201d, relata Eduardo Daniel Aguemo.<\/p>\n\n\n\n<p>Una de las mayores pasiones de Del Monte era el deporte. Con un brazo que parec\u00eda bi\u00f3nico practicaba lanzamiento de bala como nadie. \u201cMientras nosotros hac\u00edamos un calentamiento previo de una hora, \u00e9l como llegaba lanzaba y lo hac\u00eda m\u00e1s lejos que el resto\u201d, confiesa entre risas Miguel \u00c1ngel Medero. Se destac\u00f3 de tal forma, que el campo de deportes de la ex Escuela de Mec\u00e1nica de la Armada lleva su nombre.<\/p>\n\n\n\n<p>En 1981 disput\u00f3 un torneo interfuerzas en C\u00f3rdoba. El que no pudo participar fue Osvaldo Donoso: \u201cEra un excelente compa\u00f1ero. Disfrutamos mucho las horas que entrenamos juntos. Yo no pude ir a competir por una peritonitis, pero no se olvid\u00f3 de m\u00ed y antes de irse me vino a visitar al Hospital Naval. Fue un gran amigo hasta el \u00faltimo d\u00eda\u201d. El 3 de mayo de 1982 se encontr\u00f3 con su fatal destino tras el ataque de la aviaci\u00f3n brit\u00e1nica sobre el Aviso ARA Alf\u00e9rez Sobral.<\/p>\n","protected":false},"excerpt":{"rendered":"<p>Lanzamiento del alma Por: Leandro Gambino. Ernesto Rub\u00e9n del Monte, apodado como \u201cEl Cabez\u00f3n\u201d o \u201cLa Chancha\u201d, ingres\u00f3 a la Armada el 15 de febrero de 1980. Desde los comienzos se notaba su solidaridad y ganas de aprender para hacer carrera. Con un desempe\u00f1o destacado entre sus pares, en lo deportivo y acad\u00e9mico, logr\u00f3 ganarse [&hellip;]<\/p>\n","protected":false},"author":2,"featured_media":0,"comment_status":"closed","ping_status":"open","sticky":false,"template":"","format":"standard","meta":[],"categories":[29],"tags":[],"_links":{"self":[{"href":"http:\/\/teaydeportea.edu.ar\/malvinas\/wp-json\/wp\/v2\/posts\/131"}],"collection":[{"href":"http:\/\/teaydeportea.edu.ar\/malvinas\/wp-json\/wp\/v2\/posts"}],"about":[{"href":"http:\/\/teaydeportea.edu.ar\/malvinas\/wp-json\/wp\/v2\/types\/post"}],"author":[{"embeddable":true,"href":"http:\/\/teaydeportea.edu.ar\/malvinas\/wp-json\/wp\/v2\/users\/2"}],"replies":[{"embeddable":true,"href":"http:\/\/teaydeportea.edu.ar\/malvinas\/wp-json\/wp\/v2\/comments?post=131"}],"version-history":[{"count":3,"href":"http:\/\/teaydeportea.edu.ar\/malvinas\/wp-json\/wp\/v2\/posts\/131\/revisions"}],"predecessor-version":[{"id":1858,"href":"http:\/\/teaydeportea.edu.ar\/malvinas\/wp-json\/wp\/v2\/posts\/131\/revisions\/1858"}],"wp:attachment":[{"href":"http:\/\/teaydeportea.edu.ar\/malvinas\/wp-json\/wp\/v2\/media?parent=131"}],"wp:term":[{"taxonomy":"category","embeddable":true,"href":"http:\/\/teaydeportea.edu.ar\/malvinas\/wp-json\/wp\/v2\/categories?post=131"},{"taxonomy":"post_tag","embeddable":true,"href":"http:\/\/teaydeportea.edu.ar\/malvinas\/wp-json\/wp\/v2\/tags?post=131"}],"curies":[{"name":"wp","href":"https:\/\/api.w.org\/{rel}","templated":true}]}}