{"id":128,"date":"2022-03-30T19:36:41","date_gmt":"2022-03-30T22:36:41","guid":{"rendered":"http:\/\/teaydeportea.edu.ar\/malvinas\/?p=128"},"modified":"2022-04-01T22:51:35","modified_gmt":"2022-04-02T01:51:35","slug":"orlando-de-chiara","status":"publish","type":"post","link":"http:\/\/teaydeportea.edu.ar\/malvinas\/armada\/orlando-de-chiara\/","title":{"rendered":"Orlando De Chiara"},"content":{"rendered":"\n<h2><strong>Una sonrisa que no se apaga<\/strong><\/h2>\n\n\n\n<p><em>Por: Graciana Espil.<\/em><\/p>\n\n\n\n<p>El tel\u00e9fono suena. Tres tonos y empiezan a correr los minutos de la llamada. Se explica la intenci\u00f3n de este trabajo para que la se\u00f1ora est\u00e9 tranquila, pero cuando se menciona el nombre de su hijo, Orlando De Chiara, solo se siente una congoja. Diodata se quiebra y de un segundo a otro, se escucha el pitido constante de la llamada finalizada. Malvinas sigue lastimando, 40 a\u00f1os despu\u00e9s.<\/p>\n\n\n\n<p>\u201cEra rubio, todos dec\u00edamos que pertenec\u00eda a la jerga naval por c\u00f3mo se vest\u00eda, estaba siempre con una sonrisa, nunca lo ibas a ver mal\u201d, cuenta Jos\u00e9 Antonio Aranda, \u201cTony\u201d, para sus amigos del Crucero General Belgrano.<\/p>\n\n\n\n<p>\u201cBuen hijo, buen amigo, buen primo. Tuve la oportunidad de quedarme en varias ocasiones en su casa y su familia lo amaba. No era para menos, ese chico hac\u00eda todo bien\u201d, expresa Eduardo Yanzon, amigo de Orlando desde el momento en el que entraron a la Armada.&nbsp;&nbsp;<\/p>\n\n\n\n<p>Orlando De Chiara fue marinero primero, naci\u00f3 y vivi\u00f3 en Gar\u00edn, provincia de Buenos Aires. En 1976 ingres\u00f3 en la ESMA y se recibi\u00f3 en 1981 como t\u00e9cnico maquinista naval. Esa fue la primera vez que vio a sus pap\u00e1s despu\u00e9s de varios a\u00f1os y tambi\u00e9n una de las \u00faltimas.&nbsp;<\/p>\n\n\n\n<p>En 1982 se embarc\u00f3 hacia las Islas Malvinas en el Crucero ARA General Belgrano. Trabajaba en la sala de m\u00e1quinas, precisamente donde impact\u00f3 uno de los dos proyectiles del submarino Ingl\u00e9s Conqueror. \u201cSu sue\u00f1o era volver a la Marina y terminar la carrera\u201d, dice Eduardo, con una t\u00edmida risa. Y agrega que recordarlo para \u00e9l significa algo muy personal e importante.<\/p>\n\n\n\n<p>2 de mayo a las 16:02. Como el resto de los d\u00edas, Orlando ingresaba y Ricardo Wery, compa\u00f1ero de De Chiara, sal\u00eda. \u201cAh\u00ed escucho el primer estruendo\u201d, rememora Aranda, y agrega: \u201cEn ese momento el gigante de los mares comenzaba a hundirse\u201d. As\u00ed, se desvanecieron cientos de sue\u00f1os, de Orlando y de tantos otros pibes h\u00e9roes de Malvinas.<\/p>\n","protected":false},"excerpt":{"rendered":"<p>Una sonrisa que no se apaga Por: Graciana Espil. El tel\u00e9fono suena. Tres tonos y empiezan a correr los minutos de la llamada. Se explica la intenci\u00f3n de este trabajo para que la se\u00f1ora est\u00e9 tranquila, pero cuando se menciona el nombre de su hijo, Orlando De Chiara, solo se siente una congoja. Diodata se [&hellip;]<\/p>\n","protected":false},"author":2,"featured_media":0,"comment_status":"closed","ping_status":"open","sticky":false,"template":"","format":"standard","meta":[],"categories":[29],"tags":[],"_links":{"self":[{"href":"http:\/\/teaydeportea.edu.ar\/malvinas\/wp-json\/wp\/v2\/posts\/128"}],"collection":[{"href":"http:\/\/teaydeportea.edu.ar\/malvinas\/wp-json\/wp\/v2\/posts"}],"about":[{"href":"http:\/\/teaydeportea.edu.ar\/malvinas\/wp-json\/wp\/v2\/types\/post"}],"author":[{"embeddable":true,"href":"http:\/\/teaydeportea.edu.ar\/malvinas\/wp-json\/wp\/v2\/users\/2"}],"replies":[{"embeddable":true,"href":"http:\/\/teaydeportea.edu.ar\/malvinas\/wp-json\/wp\/v2\/comments?post=128"}],"version-history":[{"count":3,"href":"http:\/\/teaydeportea.edu.ar\/malvinas\/wp-json\/wp\/v2\/posts\/128\/revisions"}],"predecessor-version":[{"id":1857,"href":"http:\/\/teaydeportea.edu.ar\/malvinas\/wp-json\/wp\/v2\/posts\/128\/revisions\/1857"}],"wp:attachment":[{"href":"http:\/\/teaydeportea.edu.ar\/malvinas\/wp-json\/wp\/v2\/media?parent=128"}],"wp:term":[{"taxonomy":"category","embeddable":true,"href":"http:\/\/teaydeportea.edu.ar\/malvinas\/wp-json\/wp\/v2\/categories?post=128"},{"taxonomy":"post_tag","embeddable":true,"href":"http:\/\/teaydeportea.edu.ar\/malvinas\/wp-json\/wp\/v2\/tags?post=128"}],"curies":[{"name":"wp","href":"https:\/\/api.w.org\/{rel}","templated":true}]}}