{"id":126,"date":"2022-03-30T19:36:41","date_gmt":"2022-03-30T22:36:41","guid":{"rendered":"http:\/\/teaydeportea.edu.ar\/malvinas\/?p=126"},"modified":"2022-04-01T22:50:56","modified_gmt":"2022-04-02T01:50:56","slug":"juan-carlos-dabalo","status":"publish","type":"post","link":"http:\/\/teaydeportea.edu.ar\/malvinas\/armada\/juan-carlos-dabalo\/","title":{"rendered":"Juan Carlos D\u00e1balo"},"content":{"rendered":"\n<h2><strong>\u201cPor fin te encontramos, Juan Carlos\u201d<\/strong><\/h2>\n\n\n\n<p><em>Por: Graciana Espil.<\/em><\/p>\n\n\n\n<p>Familia numerosa. Pap\u00e1, mam\u00e1 y ocho hermanos. Eran n\u00f3mades, la situaci\u00f3n econ\u00f3mica no era buena y eso los hac\u00eda tener que trasladarse permanentemente. Su pap\u00e1 trabajaba en la cosecha y luego de mucho tiempo pudieron instalarse en una casa en la calle Far\u00edas, entre Barranqueras y Resistencia, en S\u00e1enz Pe\u00f1a, Chaco.<\/p>\n\n\n\n<p>Juan Carlos nunca fue a la escuela y a los 18 a\u00f1os se fue a vivir a La Plata para ir al&nbsp; regimiento. Sin embargo, por dejarle el lugar a un compa\u00f1ero de la ciudad de las diagonales decidi\u00f3 ir a R\u00edo Grande y formar parte del Batall\u00f3n de Infanter\u00eda de Marina N\u00b05 como conscripto.<\/p>\n\n\n\n<p>All\u00ed tuvo su primer encuentro con una docente. Aunque esa cercan\u00eda con la maestra dur\u00f3 poco, fueron los meses necesarios para que hoy, despu\u00e9s de 40 a\u00f1os, su familia siga leyendo sus cartas y as\u00ed sentirlo m\u00e1s cerca.&nbsp;&nbsp;<\/p>\n\n\n\n<p>Juan Carlos ten\u00eda 20 a\u00f1os y estaba en la primera l\u00ednea de batalla en las Islas Malvinas, defendi\u00e9ndose de las tropas brit\u00e1nicas en el Monte Tumbledown. El 14 de junio de 1982, el conscripto D\u00e1balo fue muerto en combate.<\/p>\n\n\n\n<p>Fueron 35 a\u00f1os de b\u00fasqueda. Ramona, una de sus ocho hermanas, expresa que nunca perdi\u00f3 la esperanza de encontrarlo vivo, pero cuando las familias salieron a festejar la ocupaci\u00f3n en las Islas, solo atin\u00f3 a sentarse en uno de los bancos de la Plaza 25 de Mayo de Resistencia: \u201cSent\u00eda que algo malo hab\u00eda pasado\u201d, recuerda.<\/p>\n\n\n\n<p>Esperaron 35 a\u00f1os para que en la l\u00e1pida del soldado no identificado, hoy haya una identidad y una carta: \u201cQuerido Juan Carlos (\u2026) Por fin te encontramos, pudimos estar con vos, ponerte un nombre y saber d\u00f3nde est\u00e1s. Te vamos a extra\u00f1ar\u201d, escribi\u00f3 Ramona en un papel que quedar\u00e1 para siempre en la memoria de su pueblo.<\/p>\n","protected":false},"excerpt":{"rendered":"<p>\u201cPor fin te encontramos, Juan Carlos\u201d Por: Graciana Espil. Familia numerosa. Pap\u00e1, mam\u00e1 y ocho hermanos. Eran n\u00f3mades, la situaci\u00f3n econ\u00f3mica no era buena y eso los hac\u00eda tener que trasladarse permanentemente. Su pap\u00e1 trabajaba en la cosecha y luego de mucho tiempo pudieron instalarse en una casa en la calle Far\u00edas, entre Barranqueras y [&hellip;]<\/p>\n","protected":false},"author":2,"featured_media":0,"comment_status":"closed","ping_status":"open","sticky":false,"template":"","format":"standard","meta":[],"categories":[29],"tags":[],"_links":{"self":[{"href":"http:\/\/teaydeportea.edu.ar\/malvinas\/wp-json\/wp\/v2\/posts\/126"}],"collection":[{"href":"http:\/\/teaydeportea.edu.ar\/malvinas\/wp-json\/wp\/v2\/posts"}],"about":[{"href":"http:\/\/teaydeportea.edu.ar\/malvinas\/wp-json\/wp\/v2\/types\/post"}],"author":[{"embeddable":true,"href":"http:\/\/teaydeportea.edu.ar\/malvinas\/wp-json\/wp\/v2\/users\/2"}],"replies":[{"embeddable":true,"href":"http:\/\/teaydeportea.edu.ar\/malvinas\/wp-json\/wp\/v2\/comments?post=126"}],"version-history":[{"count":3,"href":"http:\/\/teaydeportea.edu.ar\/malvinas\/wp-json\/wp\/v2\/posts\/126\/revisions"}],"predecessor-version":[{"id":1856,"href":"http:\/\/teaydeportea.edu.ar\/malvinas\/wp-json\/wp\/v2\/posts\/126\/revisions\/1856"}],"wp:attachment":[{"href":"http:\/\/teaydeportea.edu.ar\/malvinas\/wp-json\/wp\/v2\/media?parent=126"}],"wp:term":[{"taxonomy":"category","embeddable":true,"href":"http:\/\/teaydeportea.edu.ar\/malvinas\/wp-json\/wp\/v2\/categories?post=126"},{"taxonomy":"post_tag","embeddable":true,"href":"http:\/\/teaydeportea.edu.ar\/malvinas\/wp-json\/wp\/v2\/tags?post=126"}],"curies":[{"name":"wp","href":"https:\/\/api.w.org\/{rel}","templated":true}]}}