{"id":1043,"date":"2022-03-31T22:30:16","date_gmt":"2022-04-01T01:30:16","guid":{"rendered":"http:\/\/teaydeportea.edu.ar\/malvinas\/?p=1043"},"modified":"2022-04-01T23:09:23","modified_gmt":"2022-04-02T02:09:23","slug":"angel-ricardo-juarez","status":"publish","type":"post","link":"http:\/\/teaydeportea.edu.ar\/malvinas\/armada\/angel-ricardo-juarez\/","title":{"rendered":"Angel Ricardo Ju\u00e1rez"},"content":{"rendered":"\n<h2>Defender la patria a los 16<\/h2>\n\n\n\n<p><em>Por: Lucas Donia.<\/em><\/p>\n\n\n\n<p>S\u00ed, 16. \u00c1ngel Ricardo Ju\u00e1rez ten\u00eda s\u00f3lo 16 a\u00f1os cuando se convirti\u00f3 en uno de los 323 soldados fallecidos en el ataque de un submarino brit\u00e1nico al Crucero ARA General Belgrano.<\/p>\n\n\n\n<p>\u201cYo me quiero ir, aqu\u00ed no hay futuro para m\u00ed, quiero hacer otra cosa\u201d, le dec\u00eda a Berta, su madre, sobre su Ranchillos natal, una peque\u00f1a localidad rural en el departamento de Cruz Alta, Tucum\u00e1n. \u00c9l trabajaba en el campo con \u00c1ngel Ju\u00e1rez, su padre, y quer\u00eda dejar de cosechar ca\u00f1a con el tractor. Con 15 a\u00f1os decidi\u00f3 rendir las tres materias de la Delegaci\u00f3n Naval provincial para entrar en la Escuela de Mec\u00e1nica de la Armada. Hab\u00edan entrado 130 aspirantes, pero muchos no aguantaron las exigencias y pidieron la baja. \u201cVos no te preocup\u00e9s, ya me he acostumbrado\u201d, le dec\u00eda a Berta mediante cartas. Un a\u00f1o tard\u00f3 en recibirse de marinero para, en enero 1982, ser trasladado al Belgrano.<\/p>\n\n\n\n<p>En uno de sus dos francos, \u00c1ngel llev\u00f3 a la madre con \u00e9l a Buenos Aires, lugar al que no hab\u00eda ido jam\u00e1s: \u201cQuiero que me acompa\u00f1es porque si no vas conmigo ahora, no vas a ir nunca m\u00e1s\u201d. All\u00ed separaron caminos y se vieron por \u00faltima vez.<\/p>\n\n\n\n<p>Junto a sus compa\u00f1eros del Crucero ARA General Belgrano partieron desde Bah\u00eda Blanca con rumbo a las Islas Malvinas. El recuerdo de muchos de ellos, ca\u00eddos en combate, se encuentran en Ushuaia, en un monumento de ocho metros. Una escuela de la comuna Rural El Naranjito, en Cruz Alta, lleva el nombre de \u00c1ngel Ricardo Ju\u00e1rez. Lleva el nombre de un h\u00e9roe nacional.<\/p>\n","protected":false},"excerpt":{"rendered":"<p>Defender la patria a los 16 Por: Lucas Donia. S\u00ed, 16. \u00c1ngel Ricardo Ju\u00e1rez ten\u00eda s\u00f3lo 16 a\u00f1os cuando se convirti\u00f3 en uno de los 323 soldados fallecidos en el ataque de un submarino brit\u00e1nico al Crucero ARA General Belgrano. \u201cYo me quiero ir, aqu\u00ed no hay futuro para m\u00ed, quiero hacer otra cosa\u201d, le [&hellip;]<\/p>\n","protected":false},"author":2,"featured_media":0,"comment_status":"closed","ping_status":"","sticky":false,"template":"","format":"standard","meta":[],"categories":[29],"tags":[],"_links":{"self":[{"href":"http:\/\/teaydeportea.edu.ar\/malvinas\/wp-json\/wp\/v2\/posts\/1043"}],"collection":[{"href":"http:\/\/teaydeportea.edu.ar\/malvinas\/wp-json\/wp\/v2\/posts"}],"about":[{"href":"http:\/\/teaydeportea.edu.ar\/malvinas\/wp-json\/wp\/v2\/types\/post"}],"author":[{"embeddable":true,"href":"http:\/\/teaydeportea.edu.ar\/malvinas\/wp-json\/wp\/v2\/users\/2"}],"replies":[{"embeddable":true,"href":"http:\/\/teaydeportea.edu.ar\/malvinas\/wp-json\/wp\/v2\/comments?post=1043"}],"version-history":[{"count":3,"href":"http:\/\/teaydeportea.edu.ar\/malvinas\/wp-json\/wp\/v2\/posts\/1043\/revisions"}],"predecessor-version":[{"id":1880,"href":"http:\/\/teaydeportea.edu.ar\/malvinas\/wp-json\/wp\/v2\/posts\/1043\/revisions\/1880"}],"wp:attachment":[{"href":"http:\/\/teaydeportea.edu.ar\/malvinas\/wp-json\/wp\/v2\/media?parent=1043"}],"wp:term":[{"taxonomy":"category","embeddable":true,"href":"http:\/\/teaydeportea.edu.ar\/malvinas\/wp-json\/wp\/v2\/categories?post=1043"},{"taxonomy":"post_tag","embeddable":true,"href":"http:\/\/teaydeportea.edu.ar\/malvinas\/wp-json\/wp\/v2\/tags?post=1043"}],"curies":[{"name":"wp","href":"https:\/\/api.w.org\/{rel}","templated":true}]}}