{"id":1021,"date":"2022-03-31T22:30:17","date_gmt":"2022-04-01T01:30:17","guid":{"rendered":"http:\/\/teaydeportea.edu.ar\/malvinas\/?p=1021"},"modified":"2022-04-01T21:34:31","modified_gmt":"2022-04-02T00:34:31","slug":"enrique-joaquin-hudepohl","status":"publish","type":"post","link":"http:\/\/teaydeportea.edu.ar\/malvinas\/armada\/enrique-joaquin-hudepohl\/","title":{"rendered":"Enrique Joaqu\u00edn Hudepohl"},"content":{"rendered":"\n<h2>Laburante eterno<\/h2>\n\n\n\n<p><em>Por: Aymara Vera.<\/em><\/p>\n\n\n\n<p>Con la frase \u201c&#8230;por los colores de mi patria doy la vida, como lo hicieron los soldados en Malvinas&#8230;\u201d termina una canci\u00f3n que se canta cuando juega la selecci\u00f3n de f\u00fatbol, pero \u00bfqu\u00e9 conocer\u00e1n los argentinos de estos soldados?<\/p>\n\n\n\n<p>De padres inmigrantes \u2013mam\u00e1 rusa, pap\u00e1 alem\u00e1n\u2013, Enrique Joaqu\u00edn H\u00fcdepohl naci\u00f3 un 30 de octubre, como Diego Maradona, pero en 1947 y en la ciudad de Luj\u00e1n. Como ocurr\u00eda a menudo, el soldado no pudo terminar la escuela secundaria porque su padre decidi\u00f3 que trabajara con \u00e9l en su campo.<\/p>\n\n\n\n<p>Enrique no se conform\u00f3 con aprender solo un oficio y se instruy\u00f3 en la pasteler\u00eda mientras era empleado en una panader\u00eda. Sin embargo, su curr\u00edculum no acabar\u00eda en esos dos oficios, ya que lo m\u00e1s destacado de su personalidad era su entrega al trabajo.<\/p>\n\n\n\n<p>En 1971 se cas\u00f3 con Mirta Isabel Baldelli, con quien tuvo dos hijas, Mercedes y Florencia. Luego ingres\u00f3 en Transportes Navales, a la par que segu\u00eda estudiando para conseguir el t\u00edtulo de Oficial Civil. La meta de Enrique era progresar y darle una buena vida a su familia.<\/p>\n\n\n\n<p>En este trabajo, ten\u00eda programado un viaje al mes con destino a las Islas Malvinas donde prove\u00edan a la poblaci\u00f3n de productos para su subsistencia. Cuando comenz\u00f3 la guerra fue convocado para abordar el buque \u201cIslas de Los Estados\u201d, que deb\u00eda atender misiones de transporte en las aguas de Malvinas.<\/p>\n\n\n\n<p>Como destaca su hija Mercedes, la responsabilidad de su padre era absoluta. De hecho, fue a trabajar aunque estaba de licencia, mientras quienes deb\u00edan cumplir sus funciones no lo hicieron. Como dice la canci\u00f3n, Enrique dio la vida por los colores de nuestra patria y falleci\u00f3 luego de que el buque fuera hundido por las tropas inglesas.<\/p>\n","protected":false},"excerpt":{"rendered":"<p>Laburante eterno Por: Aymara Vera. Con la frase \u201c&#8230;por los colores de mi patria doy la vida, como lo hicieron los soldados en Malvinas&#8230;\u201d termina una canci\u00f3n que se canta cuando juega la selecci\u00f3n de f\u00fatbol, pero \u00bfqu\u00e9 conocer\u00e1n los argentinos de estos soldados? De padres inmigrantes \u2013mam\u00e1 rusa, pap\u00e1 alem\u00e1n\u2013, Enrique Joaqu\u00edn H\u00fcdepohl naci\u00f3 [&hellip;]<\/p>\n","protected":false},"author":2,"featured_media":0,"comment_status":"closed","ping_status":"","sticky":false,"template":"","format":"standard","meta":[],"categories":[29],"tags":[],"_links":{"self":[{"href":"http:\/\/teaydeportea.edu.ar\/malvinas\/wp-json\/wp\/v2\/posts\/1021"}],"collection":[{"href":"http:\/\/teaydeportea.edu.ar\/malvinas\/wp-json\/wp\/v2\/posts"}],"about":[{"href":"http:\/\/teaydeportea.edu.ar\/malvinas\/wp-json\/wp\/v2\/types\/post"}],"author":[{"embeddable":true,"href":"http:\/\/teaydeportea.edu.ar\/malvinas\/wp-json\/wp\/v2\/users\/2"}],"replies":[{"embeddable":true,"href":"http:\/\/teaydeportea.edu.ar\/malvinas\/wp-json\/wp\/v2\/comments?post=1021"}],"version-history":[{"count":2,"href":"http:\/\/teaydeportea.edu.ar\/malvinas\/wp-json\/wp\/v2\/posts\/1021\/revisions"}],"predecessor-version":[{"id":1766,"href":"http:\/\/teaydeportea.edu.ar\/malvinas\/wp-json\/wp\/v2\/posts\/1021\/revisions\/1766"}],"wp:attachment":[{"href":"http:\/\/teaydeportea.edu.ar\/malvinas\/wp-json\/wp\/v2\/media?parent=1021"}],"wp:term":[{"taxonomy":"category","embeddable":true,"href":"http:\/\/teaydeportea.edu.ar\/malvinas\/wp-json\/wp\/v2\/categories?post=1021"},{"taxonomy":"post_tag","embeddable":true,"href":"http:\/\/teaydeportea.edu.ar\/malvinas\/wp-json\/wp\/v2\/tags?post=1021"}],"curies":[{"name":"wp","href":"https:\/\/api.w.org\/{rel}","templated":true}]}}